{"id":9999,"date":"2015-05-19T15:43:24","date_gmt":"2015-05-19T15:43:24","guid":{"rendered":"http:\/\/www.bijus.eu\/?p=9999"},"modified":"2015-05-19T15:44:41","modified_gmt":"2015-05-19T15:44:41","slug":"edcejf-n6-gemeinsame-lothringisch-saarlandische-administrative-einrichtungen-und-verfahrensweisen-2","status":"publish","type":"post","link":"https:\/\/www.bijus.eu\/?p=9999","title":{"rendered":"EDCEJF n\u00b06: Gemeinsame lothringisch-saarl\u00e4ndische administrative Einrichtungen und Verfahrensweisen"},"content":{"rendered":"<div class=\"entry-content\">\n<p>Ce num\u00e9ro des \u00c9tudes et documents du Centre d&rsquo;\u00e9tudes juridiques fran<span class=\"st\">\u00e7<\/span>aises (EDCEJF) \u00e9tait consacr\u00e9 \u00e0 la publication d&rsquo;une expertise portant sur les \u00ab\u00a0Gemeinsame lothringisch-saarl\u00e4ndische administrative Einrichtungen und Verfahrensweisen\u00a0\u00bb.<\/p>\n<p>Cette expertise du 15. avril 1993 est ici propos\u00e9e au format PDF texte.<\/p>\n<p style=\"text-align: center\"><strong>Vorwort<\/strong><br \/>\n<em>des Ministers f\u00fcr Wirtschaft, Reinhold Kopp, zur Ver\u00f6ffentlichung des Rechtsgut-achtens von Prof. Dr. Christian Autexier im Rahmen der Ver\u00f6ffentlichungsreihe \u00ab\u00a0Etudes et Documents du Centre d&rsquo;Etudes Juridiques Fran\u00e7aises\u00a0\u00bb<\/em><\/p>\n<p style=\"text-align: justify\">In den vergangenen Jahren hat die regionale und kommunale Zusammenarbeit \u00fcber die innergemeinschaftlichen Grenzen hinweg in der EG entscheidende Fortschritte erlebt. An den Grenzen w\u00e4chst Europa zusammen, mehr noch als in den Hauptst\u00e4dten der Nationalstaaten. Wie kaum in einer anderen Grenzregion fokussieren in der europ\u00e4ischen Kernregion Saar-Lor-Lux-Trier\/Westpfalz die Chancen und Probleme dieser spezifischen, b\u00fcrgernahen Version des europ\u00e4ischen Einigungsprozesses.<\/p>\n<p style=\"text-align: justify\">Je konkreter und projektbezogener diese Form der europ\u00e4ischen Integration in den letzten Jahren wurde, desto mehr wurde es erforderlich, die rechtlichen Grundlagen der grenz\u00fcberschreitenden Zusammenarbeit zwischen staatlichen, regionalen und lokalen Gebietsk\u00f6rperschaften, zwischen Beh\u00f6rden, aber auch zwischen den Verantwortlichen in Politik und Wirtschaft auf eine solide Basis zu stellen.<\/p>\n<p style=\"text-align: justify\">Die Praxis der letzten Jahre hat gezeigt, da\u00df die nationalen Rechtssysteme auf diese transnationalen Formen der Kooperation unterhalb der Ebene des V\u00f6lkerrechts bisher wenig vorbereitet waren. Entsprechend gro\u00df sind die Probleme, die sich in rechtlicher und haushaltstechnischer Hinsicht bei fast jedem Einzelprojekt grenz\u00fcberschreitender Zusammenarbeit stellen.<\/p>\n<p style=\"text-align: justify\">Besonders schwierig erwiesen sich diese Bedingungen angesichts des hohen Ma\u00dfes an Inkompatibilit\u00e4t zwischen den beiden Rechtssystemen an der deutsch-franz\u00f6sischen Grenze. Lange Zeit waren entscheidende Fortschritte der Kooperation an dieser Grenze durch die Verschiedenartigkeit der nationalen Rechtssysteme wenn nicht blockiert, so doch erheblich behindert.<\/p>\n<p style=\"text-align: justify\">Wachsender Problemdruck einerseits und die neuen einschl\u00e4gigen Gesetzgebungen des Jahres 1992 in Deutschland und in Frankreich andererseits haben mich dazu bewogen, Herrn Prof. Dr. Christian Autexier, Direktor des Centre d&rsquo;Etudes Juridiques Fran\u00e7aises der Universit\u00e4t des Saarlandes, mit einem Gutachten zu beauftragen, das die entsprechenden Fragestellungen umfassend analysiert und Vorschl\u00e4ge zur Bereinigung der \u201cRechtsprobleme\u201c bei der grenz\u00fcberschreitenden Zusammenarbeit macht.<\/p>\n<p style=\"text-align: justify\">Das Ergebnis dieser umfassenden Analyse wird mit dieser Ver\u00f6ffentlichung der Reihe \u201cEtudes et Documents du Centre d&rsquo;Etudes Juridiques Fran\u00e7aises\u201c einer interessierten \u00d6ffentlichkeit zug\u00e4nglich gemacht. Dies ist notwendig geworden, weil die Untersuchung von Prof. Dr. Autexier inzwischen europaweites Interesse findet: Sie stellt meines Wissens die erste umfassende einschl\u00e4gige Analyse der Rechtsprobleme an einer innergemeinschaftlichen Grenze in der Europ\u00e4ischen Gemeinschaft dar. Sie enth\u00e4lt aber auch bemerkenswerte Anregungen im Hinblick auf eine k\u00fcnftige \u00dcbertragung der an der deutsch-franz\u00f6sischen Grenze gewonnenen Erfahrungen auf die Ebene des Europ\u00e4ischen Rechts.<br \/>\nSchlie\u00dflich gilt mein besonderer Dank dem Autor der Studie und seinen Mitarbeiterinnen und Mitarbeitern: Das Gutachten ist ein exzellentes Beispiel f\u00fcr die \u201cEurop\u00e4ische Kompetenz\u201c, \u00fcber die unsere Region heute in hohem Ma\u00dfe verf\u00fcgt, ein Wissen und im besten Sinne des Wortes ein \u201cKnow-how\u201c, das wir gezielt zur Profilierung unseres grenz\u00fcberschreitenden Standortes im Zentrum Europas nutzen.<\/p>\n<p><em>Reinhold Kopp<\/em><br \/>\nMinister f\u00fcr Wirtschaft<br \/>\nund Europabeauftragter<br \/>\nder saarl\u00e4ndischen Landesregierung<\/p>\n<\/div>\n","protected":false},"excerpt":{"rendered":"<p>Ce num\u00e9ro des \u00c9tudes et documents du Centre d&rsquo;\u00e9tudes juridiques fran\u00e7aises (EDCEJF) \u00e9tait consacr\u00e9 \u00e0 la publication d&rsquo;une expertise portant sur les \u00ab\u00a0Gemeinsame lothringisch-saarl\u00e4ndische administrative Einrichtungen und Verfahrensweisen\u00a0\u00bb. Cette expertise du 15. avril 1993 est ici propos\u00e9e au format PDF texte. Vorwort des Ministers f\u00fcr Wirtschaft, Reinhold Kopp, zur Ver\u00f6ffentlichung des Rechtsgut-achtens von Prof. Dr. Christian Autexier im Rahmen der Ver\u00f6ffentlichungsreihe \u00ab\u00a0Etudes et Documents du Centre d&rsquo;Etudes Juridiques Fran\u00e7aises\u00a0\u00bb In den vergangenen Jahren hat die regionale und kommunale Zusammenarbeit \u00fcber die innergemeinschaftlichen Grenzen hinweg in der EG entscheidende Fortschritte erlebt. An den Grenzen w\u00e4chst Europa zusammen, mehr noch als in den Hauptst\u00e4dten der Nationalstaaten. Wie kaum in einer anderen Grenzregion fokussieren in der europ\u00e4ischen Kernregion Saar-Lor-Lux-Trier\/Westpfalz die Chancen und Probleme dieser spezifischen, b\u00fcrgernahen Version des europ\u00e4ischen Einigungsprozesses. Je konkreter und projektbezogener diese Form der europ\u00e4ischen Integration in den letzten Jahren wurde, desto mehr wurde es erforderlich, die rechtlichen Grundlagen der [&hellip;]<\/p>\n","protected":false},"author":194,"featured_media":0,"comment_status":"open","ping_status":"open","sticky":false,"template":"","format":"standard","meta":{"_et_pb_use_builder":"","_et_pb_old_content":"","footnotes":""},"categories":[8531],"tags":[],"class_list":["post-9999","post","type-post","status-publish","format-standard","hentry","category-divers","type-de-publication-edcjfa"],"_links":{"self":[{"href":"https:\/\/www.bijus.eu\/index.php?rest_route=\/wp\/v2\/posts\/9999","targetHints":{"allow":["GET"]}}],"collection":[{"href":"https:\/\/www.bijus.eu\/index.php?rest_route=\/wp\/v2\/posts"}],"about":[{"href":"https:\/\/www.bijus.eu\/index.php?rest_route=\/wp\/v2\/types\/post"}],"author":[{"embeddable":true,"href":"https:\/\/www.bijus.eu\/index.php?rest_route=\/wp\/v2\/users\/194"}],"replies":[{"embeddable":true,"href":"https:\/\/www.bijus.eu\/index.php?rest_route=%2Fwp%2Fv2%2Fcomments&post=9999"}],"version-history":[{"count":0,"href":"https:\/\/www.bijus.eu\/index.php?rest_route=\/wp\/v2\/posts\/9999\/revisions"}],"wp:attachment":[{"href":"https:\/\/www.bijus.eu\/index.php?rest_route=%2Fwp%2Fv2%2Fmedia&parent=9999"}],"wp:term":[{"taxonomy":"category","embeddable":true,"href":"https:\/\/www.bijus.eu\/index.php?rest_route=%2Fwp%2Fv2%2Fcategories&post=9999"},{"taxonomy":"post_tag","embeddable":true,"href":"https:\/\/www.bijus.eu\/index.php?rest_route=%2Fwp%2Fv2%2Ftags&post=9999"}],"curies":[{"name":"wp","href":"https:\/\/api.w.org\/{rel}","templated":true}]}}