{"id":9280,"date":"2014-09-19T08:10:15","date_gmt":"2014-09-19T08:10:15","guid":{"rendered":"http:\/\/www.bijus.eu\/?p=9280"},"modified":"2014-09-19T10:05:56","modified_gmt":"2014-09-19T10:05:56","slug":"veroffentlichung-einer-studie-uber-die-informationstechnik-und-den-schutz-personenbezogener-daten","status":"publish","type":"post","link":"https:\/\/www.bijus.eu\/?p=9280","title":{"rendered":"Ver\u00f6ffentlichung einer Studie zur  Informationstechnik und dem Schutz personenbezogener Daten"},"content":{"rendered":"<p>Der j\u00e4hrliche Bericht des Conseil d&rsquo;Etat f\u00fcr 2014 lautet: \u00ab\u00a0Informationstechnik und Grundrechte\u00a0\u00bb.<\/p>\n<p>Jedes Jahr ver\u00f6ffentlicht der Conseil d&rsquo;Etat im Rahmen dieser Jahresberichte eine Studie, die einem aktuellen rechtlichen oder sozialen Thema gewidmet ist. Dieses Jahr betrifft\u00a0die Studie also den\u00a0Schutz der Grundrechte im Lichte der Informationstechnik.<\/p>\n<p>Zun\u00e4chst einmal beschreibt\u00a0der Conseil d&rsquo;Etat, wie die Entwicklung der Informationstechnik das Bed\u00fcrfnis nach der Entwicklung neuer Grundrechtsgarantien hat aufkommen lassen. \u00a0Dann macht der Conseil d&rsquo;Etat, zugleich Richter und Rat des franz\u00f6sischen Staates, 50 Vorschl\u00e4ge, die in f\u00fcnf Kategorien unterteilt sind:<\/p>\n<p>1. Die Prinzipien \u00fcberdenken, die die Grundlage des Grundrechtschutzes bilden 2.Die Befugnisse der Einzelpersonen und deren Gruppierungen ausbauen 3. Die Schutzinstrumente der Grundrechte neu definieren und die Rolle der \u00f6ffentlichen Gewalt \u00fcberdenken 4. Den Schutz der Grundrechte gegen\u00fcber Personen des \u00f6ffentlichen Rechts gew\u00e4hrleisten 5. Eine Zusammenarbeit auf europ\u00e4ischem und internationalen Niveau organisieren.<\/p>\n<p>Eine ausf\u00fchrliche Zusammenfassung ist online in\u00a0<a href=\"http:\/\/www.conseil-etat.fr\/fr\/communiques-de-presse\/etude-annuelle-2014-le-numerique-et-les-droits-fondamentaux.html\" target=\"_blank\">franz\u00f6sischer\u00a0<\/a>und\u00a0<a href=\"http:\/\/www.conseil-etat.fr\/media\/document\/digitaltechnology_fundamentalrights_freedoms.pdf\" target=\"_blank\">englischer Sprache<\/a>\u00a0auf der offiziellen Webseite des Conseil d&rsquo;Etat unter\u00a0<a href=\"http:\/\/www.conseil-etat.fr\" target=\"_blank\">http:\/\/www.conseil-etat.fr<\/a>\u00a0verf\u00fcgbar.<\/p>\n<p>Fundstelle: Conseil d&rsquo;Etat, Le num\u00e9rique et les droits fondamentaux, Etude annuelle 2014, Paris, La Documentation fran\u00e7aise, 2014.<\/p>\n","protected":false},"excerpt":{"rendered":"<p>Der j\u00e4hrliche Bericht des Conseil d&rsquo;Etat f\u00fcr 2014 lautet: \u00ab\u00a0Informationstechnik und Grundrechte\u00a0\u00bb. Jedes Jahr ver\u00f6ffentlicht der Conseil d&rsquo;Etat im Rahmen dieser Jahresberichte eine Studie, die einem aktuellen rechtlichen oder sozialen Thema gewidmet ist. Dieses Jahr betrifft\u00a0die Studie also den\u00a0Schutz der Grundrechte im Lichte der Informationstechnik. Zun\u00e4chst einmal beschreibt\u00a0der Conseil d&rsquo;Etat, wie die Entwicklung der Informationstechnik das Bed\u00fcrfnis nach der Entwicklung neuer Grundrechtsgarantien hat aufkommen lassen. \u00a0Dann macht der Conseil d&rsquo;Etat, zugleich Richter und Rat des franz\u00f6sischen Staates, 50 Vorschl\u00e4ge, die in f\u00fcnf Kategorien unterteilt sind: 1. Die Prinzipien \u00fcberdenken, die die Grundlage des Grundrechtschutzes bilden 2.Die Befugnisse der Einzelpersonen und deren Gruppierungen ausbauen 3. Die Schutzinstrumente der Grundrechte neu definieren und die Rolle der \u00f6ffentlichen Gewalt \u00fcberdenken 4. Den Schutz der Grundrechte gegen\u00fcber Personen des \u00f6ffentlichen Rechts gew\u00e4hrleisten 5. Eine Zusammenarbeit auf europ\u00e4ischem und internationalen Niveau organisieren. Eine ausf\u00fchrliche Zusammenfassung ist online in\u00a0franz\u00f6sischer\u00a0und\u00a0englischer Sprache\u00a0auf der offiziellen Webseite des Conseil d&rsquo;Etat [&hellip;]<\/p>\n","protected":false},"author":2,"featured_media":9282,"comment_status":"open","ping_status":"open","sticky":false,"template":"","format":"standard","meta":{"_et_pb_use_builder":"","_et_pb_old_content":"","footnotes":""},"categories":[9002],"tags":[],"class_list":["post-9280","post","type-post","status-publish","format-standard","has-post-thumbnail","hentry","category-bijus-info-fr","bijusbiblio_deutsch-datenschutz","bijusbiblio_deutsch-internet-2","bijusbiblio_francais-environnement-numerique","bijusbiblio_francais-protection-des-donnees-informatiques"],"_links":{"self":[{"href":"https:\/\/www.bijus.eu\/index.php?rest_route=\/wp\/v2\/posts\/9280","targetHints":{"allow":["GET"]}}],"collection":[{"href":"https:\/\/www.bijus.eu\/index.php?rest_route=\/wp\/v2\/posts"}],"about":[{"href":"https:\/\/www.bijus.eu\/index.php?rest_route=\/wp\/v2\/types\/post"}],"author":[{"embeddable":true,"href":"https:\/\/www.bijus.eu\/index.php?rest_route=\/wp\/v2\/users\/2"}],"replies":[{"embeddable":true,"href":"https:\/\/www.bijus.eu\/index.php?rest_route=%2Fwp%2Fv2%2Fcomments&post=9280"}],"version-history":[{"count":0,"href":"https:\/\/www.bijus.eu\/index.php?rest_route=\/wp\/v2\/posts\/9280\/revisions"}],"wp:featuredmedia":[{"embeddable":true,"href":"https:\/\/www.bijus.eu\/index.php?rest_route=\/wp\/v2\/media\/9282"}],"wp:attachment":[{"href":"https:\/\/www.bijus.eu\/index.php?rest_route=%2Fwp%2Fv2%2Fmedia&parent=9280"}],"wp:term":[{"taxonomy":"category","embeddable":true,"href":"https:\/\/www.bijus.eu\/index.php?rest_route=%2Fwp%2Fv2%2Fcategories&post=9280"},{"taxonomy":"post_tag","embeddable":true,"href":"https:\/\/www.bijus.eu\/index.php?rest_route=%2Fwp%2Fv2%2Ftags&post=9280"}],"curies":[{"name":"wp","href":"https:\/\/api.w.org\/{rel}","templated":true}]}}