{"id":10250,"date":"2015-07-28T11:29:36","date_gmt":"2015-07-28T11:29:36","guid":{"rendered":"http:\/\/www.bijus.eu\/?p=10250"},"modified":"2015-12-07T17:31:21","modified_gmt":"2015-12-07T17:31:21","slug":"convention-fiscale-franco-allemande","status":"publish","type":"post","link":"https:\/\/www.bijus.eu\/?p=10250","title":{"rendered":"Convention fiscale franco-allemande \/ Doppelbesteuerungsabkommen"},"content":{"rendered":"<table>\n<tbody>\n<tr>\n<td colspan=\"2\" width=\"614\"><strong>Deutsch-Franz\u00f6sisches Doppelbesteuerungsabkommen vom 21. Juli 1959<\/strong><\/p>\n<p><em>ge\u00e4ndert durch das Revisionsprotokoll vom 9. Juni 1969 (BGBl. II S. 719) und die Zusatzabkommen vom 28. September 1989 (BGBl. II S. 772), 20. Dezember 2001 (BGBl. II S. 2372) und 31. M\u00e4rz 2015<\/em><\/p>\n<p><strong>Convention fiscale franco-allemande du 25 juillet 1959<\/strong><\/p>\n<p><em>Modifi\u00e9e par les avenants des 9 juin 1969, 28 septembre 1989, 20 d\u00e9cembre 2001 et 31 mars 2015<\/em><\/p>\n<p>\u00a9 source\u00a0: site officiel du Bundesministerium der Finanzen<\/p>\n<p>Travaux d\u2019\u00e9dition: Lyn Paula Fischer<\/td>\n<\/tr>\n<tr>\n<td width=\"307\"><strong>Abkommen<\/strong><\/p>\n<p><strong>zwischen der Bundesrepublik Deutschland und der Franz\u00f6sischen Republik<\/strong><\/p>\n<p>zur Vermeidung der Doppelbesteuerungen und \u00fcber gegenseitige Amts- und Rechtshilfe auf dem Gebiete der Steuern vom Einkommen und vom Verm\u00f6gen sowie der Gewerbesteuern und der Grundsteuern<\/p>\n<p>&nbsp;<\/p>\n<p>&nbsp;<\/p>\n<p>&nbsp;<\/td>\n<td width=\"307\"><strong>Convention<\/strong><\/p>\n<p><strong>entre la R\u00e9publique F\u00e9d\u00e9rale d&rsquo;Allemagne et la R\u00e9publique Fran\u00e7aise<\/strong><\/p>\n<p>en vue d&rsquo;\u00e9viter les doubles impositions et d&rsquo;\u00e9tablir des r\u00e8gles d&rsquo;assistance administrative et juridique r\u00e9ciproque en mati\u00e8re d&rsquo;imp\u00f4ts sur le revenu et sur la fortune ainsi qu&rsquo;en mati\u00e8re de contributions des patentes et de contributions fonci\u00e8res<\/p>\n<p>&nbsp;<\/p>\n<p>&nbsp;<\/td>\n<\/tr>\n<tr>\n<td width=\"307\"><strong>DER PR\u00c4SIDENT DER BUNDESREPUBLIK DEUTSCHLAND<\/strong><\/p>\n<p>und<\/p>\n<p><strong>DER PR\u00c4SIDENT DER FRANZ\u00d6SISCHEN REPUBLIK<\/strong><\/p>\n<p>sind, von dem Wunsche geleitet, bei den Steuern vom Einkommen und vom Verm\u00f6gen sowie der Gewerbesteuern und der Grundsteuern Doppelbesteuerungen zu vermeiden und Grunds\u00e4tze f\u00fcr die gegenseitige Amts- und Rechtshilfe aufzustellen, \u00fcbereingekommen, ein Abkommen zu schlie\u00dfen, und haben zu diesem Zwecke zu ihren Bevollm\u00e4chtigten ernannt:<\/p>\n<table width=\"99%\">\n<tbody>\n<tr>\n<td width=\"44%\">Der Pr\u00e4sident der Bundesrepublik Deutschland:<br \/>\nDr. Gerhard Josef Jansen<br \/>\nGesandter,<br \/>\nGesch\u00e4ftstr\u00e4ger der Bundesrepublik Deutschland;<\/td>\n<td width=\"7%\"><\/td>\n<td width=\"48%\">Der Pr\u00e4sident der Franz\u00f6sischen Republik:<br \/>\nSeine Exzellenz Herrn Louis Joxe,<br \/>\nAmbassadeur de France,<br \/>\nGeneralsekret\u00e4r des Ministeriums f\u00fcr Ausw\u00e4rtige Angelegenheiten,<\/td>\n<\/tr>\n<\/tbody>\n<\/table>\n<p>die nach Austausch ihrer in guter und geh\u00f6riger Form befundenen Vollmachten folgendes vereinbart haben:<\/td>\n<td width=\"307\"><strong>LE PR\u00c9SIDENT DE LA R\u00c9PUBLIQUE F\u00c9D\u00c9RALE d&rsquo;ALLEMAGNE<\/strong><\/p>\n<p>et<\/p>\n<p><strong>LE PR\u00c9SIDENT DE LA R\u00c9PUBLIQUE FRAN\u00c7AISE,<\/strong><\/p>\n<p>d\u00e9sireux d&rsquo;\u00e9viter les doubles impositions et d&rsquo;\u00e9tablir des r\u00e8gles d&rsquo;assistance administrative et juridique r\u00e9ciproque en mati\u00e8re d&rsquo;imp\u00f4ts sur le revenu et sur la fortune, ainsi qu&rsquo;en mati\u00e8re de contributions des patentes et de contributions fonci\u00e8res, ont d\u00e9cid\u00e9 de conclure une convention et ont nomm\u00e9 \u00e0 cet effet pour leurs pl\u00e9nipotentiaires:<\/p>\n<table width=\"89%\">\n<tbody>\n<tr>\n<td width=\"43%\">Le Pr\u00e9sident de la R\u00e9publique F\u00e9d\u00e9rale d&rsquo;Allemagne:<br \/>\nMonsieur le Docteur Gerhard Josef Jansen,<br \/>\nMinistre conseiller,<br \/>\nCharg\u00e9 d&rsquo;Affaires de la R\u00e9publique F\u00e9d\u00e9rale d&rsquo;Allemagne,<\/td>\n<td width=\"12%\"><\/td>\n<td width=\"44%\">Le Pr\u00e9sident de la R\u00e9publique Fran\u00e7aise:<br \/>\nSon Excellence Monsieur Louis Joxe,<br \/>\nAmbassadeur de France,<br \/>\nSecr\u00e9taire G\u00e9n\u00e9ral du Minist\u00e8re des Affaires \u00c9trang\u00e8res,<\/td>\n<\/tr>\n<\/tbody>\n<\/table>\n<p>lesquels, apr\u00e8s avoir \u00e9chang\u00e9 leurs pleins pouvoirs reconnus en bonne et due forme, sont convenus des dispositions suivantes:<\/p>\n<p>&nbsp;<\/td>\n<\/tr>\n<tr>\n<td width=\"307\"><strong>Artikel 1<\/strong><\/td>\n<td width=\"307\"><strong>Article 1<\/strong><\/td>\n<\/tr>\n<tr>\n<td width=\"307\">(1) Dieses Abkommen gilt f\u00fcr Personen, die in einem Vertragsstaat oder in beiden Vertragsstaaten ans\u00e4ssig sind.<\/td>\n<td width=\"307\">(1) La pr\u00e9sente Convention s\u2019applique aux personnes qui sont des r\u00e9sidents d\u2019un Etat contractant ou des deux Etats contractants.<\/td>\n<\/tr>\n<tr>\n<td width=\"307\">(2) Durch dieses Abkommen soll vermieden werden, da\u00df die in einem der Vertragstaaten ans\u00e4ssigen Personen doppelt zu Steuern herangezogen werden, die nach dem Rechte dieser Staaten unmittelbar vom Einkommen oder vom Verm\u00f6gen oder als Gewerbesteuern oder Grundsteuern f\u00fcr die Vertragstaaten, die L\u00e4nder, die Departements, die Gemeinden oder Gemeindeverb\u00e4nde (auch in Form von Zuschl\u00e4gen) erhoben werden.<\/td>\n<td width=\"307\">(2) La pr\u00e9sente convention a pour but de prot\u00e9ger les r\u00e9sidents de chacun des \u00c9tats contractants contre les doubles impositions qui pourraient r\u00e9sulter de la l\u00e9gislation de ces \u00c9tats en mati\u00e8re d&rsquo;imp\u00f4ts pr\u00e9lev\u00e9s directement sur le revenu ou sur la fortune ou \u00e0 titre de contributions des patentes ou de contributions fonci\u00e8res, par les \u00c9tats contractants, les L\u00e4nder, les d\u00e9partements, les communes ou les associations de communes (m\u00eame sous forme de centimes additionnels).<\/td>\n<\/tr>\n<tr>\n<td width=\"307\">(3) Steuern im Sinne dieses Abkommens sind:<\/td>\n<td width=\"307\">(3) Sont consid\u00e9r\u00e9s comme imp\u00f4ts vis\u00e9s par la pr\u00e9sente convention:<\/td>\n<\/tr>\n<tr>\n<td width=\"307\">1. in der Franz\u00f6sischen Republik:<\/td>\n<td width=\"307\">1. En ce qui concerne la R\u00e9publique Fran\u00e7aise:<\/td>\n<\/tr>\n<tr>\n<td width=\"307\">a) l&rsquo;imp\u00f4t sur le revenu des personnes physiques &#8211; taxe proportionnelle et surtaxe progressive (Steuer vom Einkommen nat\u00fcrlicher Personen &#8211; Proportionalsteuer und Progressivsteuer),<\/td>\n<td width=\"307\">a) L&rsquo;imp\u00f4t sur le revenu des personnes physiques (taxe proportionnelle et surtaxe progressive);<\/td>\n<\/tr>\n<tr>\n<td width=\"307\">b) le versement forfaitaire applicable \u00e0 certains b\u00e9n\u00e9fices des professions non commerciales (Pauschsteuer von bestimmten Gewinnen der freien Berufe),<\/td>\n<td width=\"307\">b) Le versement forfaitaire applicable \u00e0 certains b\u00e9n\u00e9fices des professions non commerciales;<\/td>\n<\/tr>\n<tr>\n<td width=\"307\">c) l&rsquo;imp\u00f4t sur les b\u00e9n\u00e9fices des soci\u00e9t\u00e9s et autres personnes morales (Steuer von den Gewinnen der Gesellschaften und anderer juristischer Personen),<\/td>\n<td width=\"307\">c) L&rsquo;imp\u00f4t sur les b\u00e9n\u00e9fices des soci\u00e9t\u00e9s et autres personnes morales;<\/td>\n<\/tr>\n<tr>\n<td width=\"307\">d) la contribution des patentes (Gewerbesteuer),<\/td>\n<td width=\"307\">d) La contribution des patentes;<\/td>\n<\/tr>\n<tr>\n<td width=\"307\">e) la taxe d&rsquo;apprentissage (Lehrlingsabgabe),<\/td>\n<td width=\"307\">e) La taxe d&rsquo;apprentissage;<\/td>\n<\/tr>\n<tr>\n<td width=\"307\">f) la contribution fonci\u00e8re sur les propri\u00e9t\u00e9s b\u00e2ties et non b\u00e2ties (Grundsteuer f\u00fcr bebaute und unbebaute Grundst\u00fccke),<\/td>\n<td width=\"307\">f) La contribution fonci\u00e8re sur les propri\u00e9t\u00e9s b\u00e2ties et non b\u00e2ties;<\/td>\n<\/tr>\n<tr>\n<td width=\"307\">g) l\u2018imp\u00f4t de solidarit\u00e9 sur la fortune (Solidarit\u00e4tsteuer vom Verm\u00f6gen);<\/td>\n<td width=\"307\">g) L&rsquo;imp\u00f4t de solidarit\u00e9 sur la fortune.<\/td>\n<\/tr>\n<tr>\n<td width=\"307\">2. in der Bundesrepublik Deutschland:<\/td>\n<td width=\"307\">2. En ce qui concerne la R\u00e9publique F\u00e9d\u00e9rale d&rsquo;Allemagne:<\/td>\n<\/tr>\n<tr>\n<td width=\"307\">a) die Einkommensteuer,<\/td>\n<td width=\"307\">a) die Einkommensteuer (imp\u00f4t sur le revenu);<\/td>\n<\/tr>\n<tr>\n<td width=\"307\">b) die K\u00f6rperschaftsteuer,<\/td>\n<td width=\"307\">b) die K\u00f6rperschaftsteuer (imp\u00f4t sur les soci\u00e9t\u00e9s);<\/td>\n<\/tr>\n<tr>\n<td width=\"307\">c) die Abgabe Notopfer Berlin,<\/td>\n<td width=\"307\">c) die Abgabe Notopfer Berlin (imp\u00f4t \u00ab\u00a0sacrifice pour Berlin\u00a0\u00bb);<\/td>\n<\/tr>\n<tr>\n<td width=\"307\">d) die Verm\u00f6gensteuer,<\/td>\n<td width=\"307\">d) die Verm\u00f6gensteuer (imp\u00f4t sur la fortune);<\/td>\n<\/tr>\n<tr>\n<td width=\"307\">e) die Gewerbesteuer,<\/td>\n<td width=\"307\">e) die Gewerbesteuer (contribution des patentes);<\/td>\n<\/tr>\n<tr>\n<td width=\"307\">f) die Grundsteuer.<\/td>\n<td width=\"307\">f) die Grundsteuer (contribution fonci\u00e8re).<\/td>\n<\/tr>\n<tr>\n<td width=\"307\">(4) Dieses Abkommen ist auch auf alle anderen ihrem Wesen nach gleichen oder \u00e4hnlichen Steuern anzuwenden, die nach seiner Unterzeichnung in einem der Vertragstaaten oder in einem Gebiet eingef\u00fchrt werden, auf das dieses Abkommen nach Artikel 27 ausgedehnt worden ist.<\/td>\n<td width=\"307\">(4) La pr\u00e9sente convention s&rsquo;applique \u00e0 tous autres imp\u00f4ts analogues ou semblables par leur nature qui pourront \u00eatre institu\u00e9s, apr\u00e8s sa signature, dans l&rsquo;un des \u00c9tats contractants ou dans un territoire auquel la pr\u00e9sente convention aura \u00e9t\u00e9 \u00e9tendue conform\u00e9ment aux dispositions de l&rsquo;article 27.<\/td>\n<\/tr>\n<tr>\n<td width=\"307\">(5) Die zust\u00e4ndigen Beh\u00f6rden der Vertragstaaten werden im beiderseitigen Einvernehmen alle etwaigen Zweifel dar\u00fcber kl\u00e4ren, f\u00fcr welche Steuern das Abkommen zu gelten hat.<\/td>\n<td width=\"307\">(5) Les autorit\u00e9s comp\u00e9tentes des \u00c9tats contractants se mettront d&rsquo;accord pour lever les doutes qui pourraient na\u00eetre quant aux imp\u00f4ts auxquels doit s&rsquo;appliquer la convention.<\/td>\n<\/tr>\n<tr>\n<td width=\"307\"><strong>Artikel 2<\/strong><\/td>\n<td width=\"307\"><strong>Article 2<\/strong><\/td>\n<\/tr>\n<tr>\n<td width=\"307\">(1) F\u00fcr die Anwendung dieses Abkommens gilt folgendes:<\/td>\n<td width=\"307\">(1) Pour l&rsquo;application de la pr\u00e9sente convention:<\/td>\n<\/tr>\n<tr>\n<td width=\"307\">1. Der Begriff \u00ab\u00a0Frankreich\u00a0\u00bb, in geographischem Sinne verwendet, umfa\u00dft nur das franz\u00f6sische Mutterland (France m\u00e9tropolitaine) und die \u00fcberseeischen Departements (Guadeloupe, Guayana, Martinique, R\u00e9union).<\/td>\n<td width=\"307\">1. Le terme \u00ab\u00a0France\u00a0\u00bb, employ\u00e9 dans un sens g\u00e9ographique, ne comprend que la France m\u00e9tropolitaine et les d\u00e9partements d&rsquo;outre-mer (Guadeloupe, Guyane, Martinique, R\u00e9union).<\/td>\n<\/tr>\n<tr>\n<td width=\"307\">2. Der Begriff \u00ab\u00a0Bundesrepublik\u00a0\u00bb, in geographischem Sinne verwendet, umfa\u00dft das Gebiet des Geltungsbereichs des Grundgesetzes f\u00fcr die Bundesrepublik Deutschland.<\/td>\n<td width=\"307\">2. Le terme \u00ab\u00a0R\u00e9publique F\u00e9d\u00e9rale\u00a0\u00bb, employ\u00e9 dans un sens g\u00e9ographique, d\u00e9signe le territoire d&rsquo;application de la Loi Fondamentale de la R\u00e9publique F\u00e9d\u00e9rale d&rsquo;Allemagne.<\/td>\n<\/tr>\n<tr>\n<td width=\"307\">3. Der Begriff \u00ab\u00a0Person\u00a0\u00bb bedeutet:<\/td>\n<td width=\"307\">3. Le terme \u00ab\u00a0personne\u00a0\u00bb d\u00e9signe:<\/td>\n<\/tr>\n<tr>\n<td width=\"307\">a) nat\u00fcrliche Personen;<\/td>\n<td width=\"307\">a) Les personnes physiques;<\/td>\n<\/tr>\n<tr>\n<td width=\"307\">b) juristische Personen, Personenvereinigungen und Verm\u00f6gensmassen, die als solche der Besteuerung wie eine juristische Person unterliegen, gelten als juristische Personen.<\/td>\n<td width=\"307\">b) Les personnes morales. Les groupements de personnes et les masses de biens qui, en tant que tels, sont soumis \u00e0 l&rsquo;imposition comme personnes morales, sont consid\u00e9r\u00e9s comme personnes morales.<\/td>\n<\/tr>\n<tr>\n<td width=\"307\">4.<\/td>\n<td width=\"307\">4.<\/td>\n<\/tr>\n<tr>\n<td width=\"307\">a) Im Sinne dieses Abkommens bedeutet \u201eeine in einem Vertragsstaat ans\u00e4ssige Person\u201c eine Person, die nach dem Recht dieses Staates dort aufgrund ihres Wohnsitzes, ihres st\u00e4ndigen Aufenthalts, des Ortes ihrer Gesch\u00e4ftsleitung oder eines anderen \u00e4hnlichen Merkmals steuerpflichtig ist, und umfasst auch diesen Staat, seine L\u00e4nder und ihre Gebietsk\u00f6rperschaften.<\/td>\n<td width=\"307\">a) Au sens de la pr\u00e9sente Convention, l&rsquo;expression \u00ab r\u00e9sident d&rsquo;un Etat contractant \u00bb d\u00e9signe toute personne qui, en vertu de la l\u00e9gislation de cet Etat, est assujettie \u00e0 l&rsquo;imp\u00f4t dans cet Etat, en raison de son domicile, de sa r\u00e9sidence, de son si\u00e8ge de direction ou de tout autre crit\u00e8re de nature analogue et s&rsquo;applique aussi \u00e0 cet Etat ainsi qu&rsquo;\u00e0 ses subdivisions politiques ou collectivit\u00e9s territoriales.<\/td>\n<\/tr>\n<tr>\n<td width=\"307\">b) Ist nach Buchstabe a) eine nat\u00fcrliche Person in beiden Vertragstaaten ans\u00e4ssig, so gilt folgendes:<\/td>\n<td width=\"307\">b) Lorsque, selon la disposition de l&rsquo;alin\u00e9a (a) ci-dessus, une personne physique est consid\u00e9r\u00e9e comme r\u00e9sident de chacun des \u00c9tats contractants, le cas est r\u00e9solu d&rsquo;apr\u00e8s les r\u00e8gles \u00e9nonc\u00e9es ci-dessous:<\/td>\n<\/tr>\n<tr>\n<td width=\"307\">(aa) Die Person gilt als in dem Vertragstaat ans\u00e4ssig, in dem sie \u00fcber eine st\u00e4ndige Wohnst\u00e4tte verf\u00fcgt. Verf\u00fcgt sie in beiden Vertragstaaten \u00fcber eine st\u00e4ndige Wohnst\u00e4tte, so gilt sie als in dem Vertragstaat ans\u00e4ssig, zu dem sie die engeren pers\u00f6nlichen und wirtschaftlichen Beziehungen hat (Mittelpunkt der Lebensinteressen).<\/td>\n<td width=\"307\">(aa) Cette personne est r\u00e9put\u00e9e r\u00e9sident de l&rsquo;\u00c9tat contractant o\u00f9 elle dispose d&rsquo;un foyer d&rsquo;habitation permanent. Lorsqu&rsquo;elle dispose d&rsquo;un foyer d&rsquo;habitation permanent dans chacun des \u00c9tats contractants, elle est consid\u00e9r\u00e9e comme r\u00e9sident de l&rsquo;\u00c9tat contractant avec lequel ses liens personnels et \u00e9conomiques sont les plus \u00e9troits (centre des int\u00e9r\u00eats vitaux);<\/td>\n<\/tr>\n<tr>\n<td width=\"307\">(bb) Kann nicht bestimmt werden, in welchem Vertragstaate die Person den Mittelpunkt der Lebensinteressen hat, oder verf\u00fcgt sie in keinem der Vertragstaaten \u00fcber eine st\u00e4ndige Wohnst\u00e4tte, so gilt sie als in dem Vertragstaat ans\u00e4ssig, in dem sie ihren gew\u00f6hnlichen Aufenthalt hat.<\/td>\n<td width=\"307\">(bb) Si l&rsquo;\u00c9tat contractant o\u00f9 cette personne a le centre de ses int\u00e9r\u00eats vitaux ne peut pas \u00eatre d\u00e9termin\u00e9, ou qu&rsquo;elle ne dispose d&rsquo;un foyer d&rsquo;habitation permanent dans aucun des \u00c9tats contractants, elle est consid\u00e9r\u00e9e comme r\u00e9sident de l&rsquo;\u00c9tat contractant o\u00f9 elle s\u00e9journe de fa\u00e7on habituelle;<\/td>\n<\/tr>\n<tr>\n<td width=\"307\">(cc) Hat die Person ihren gew\u00f6hnlichen Aufenthalt in beiden oder in keinem der Vertragstaaten, so gilt sie als in dem Vertragstaat ans\u00e4ssig, dessen Staatsangeh\u00f6rigkeit sie besitzt.<\/td>\n<td width=\"307\">(cc) Si cette personne s\u00e9journe de fa\u00e7on habituelle dans chacun des \u00c9tats contractants ou qu&rsquo;elle ne s\u00e9journe de fa\u00e7on habituelle dans aucun d&rsquo;eux, elle est consid\u00e9r\u00e9e comme r\u00e9sident de l&rsquo;\u00c9tat contractant dont elle poss\u00e8de la nationalit\u00e9;<\/td>\n<\/tr>\n<tr>\n<td width=\"307\">(dd) Geh\u00f6rt die Person beiden oder keinem der Vertragstaaten an, so werden die zust\u00e4ndigen Beh\u00f6rden der Vertragsta aten die Frage im beiderseitigen Einvernehmen regeln.<\/p>\n<p>&nbsp;<\/td>\n<td width=\"307\">(dd) Si cette personne poss\u00e8de la nationalit\u00e9 de chacun des \u00c9tats contractants ou qu&rsquo;elle ne poss\u00e8de la nationalit\u00e9 d&rsquo;aucun d&rsquo;eux, les autorit\u00e9s comp\u00e9tentes des \u00c9tats contractants tranchent la question d&rsquo;un commun accord.<\/td>\n<\/tr>\n<tr>\n<td width=\"307\">c) Ist nach Buchstabe a) eine juristische Person in beiden Vertragstaaten ans\u00e4ssig, so gilt sie als in dem Vertragstaat ans\u00e4ssig, in dem sich der Ort ihrer tats\u00e4chlichen Gesch\u00e4ftsleitung befindet. Dies gilt auch f\u00fcr Personengesellschaften und andere Personenvereinigungen, die nach den f\u00fcr sie ma\u00dfgebenden innerstaatlichen Gesetzen keine juristischen Personen sind.<\/td>\n<td width=\"307\">c) Lorsque, selon la disposition de l&rsquo;alin\u00e9a (a) ci-dessus une personne morale est r\u00e9sident de chacun des \u00c9tats contractants, elle est r\u00e9put\u00e9e r\u00e9sident de l&rsquo;\u00c9tat contractant o\u00f9 se trouve son si\u00e8ge de direction effective. Il en est de m\u00eame des soci\u00e9t\u00e9s de personnes et des associations qui, selon les lois nationales qui les r\u00e9gissent, n&rsquo;ont pas la personnalit\u00e9 juridique.<\/td>\n<\/tr>\n<tr>\n<td width=\"307\">5. Im Sinne dieses Abkommens ist der Ort der tats\u00e4chlichen Gesch\u00e4ftsleitung eines Unternehmens der Ort, an dem sich der Mittelpunkt der gesch\u00e4ftlichen Oberleitung befindet.<\/td>\n<td width=\"307\">5. Le si\u00e8ge de direction effective d&rsquo;une entreprise, au sens de la pr\u00e9sente convention, est le lieu o\u00f9 se trouve le centre de la direction g\u00e9n\u00e9rale de l&rsquo;affaire.<\/td>\n<\/tr>\n<tr>\n<td width=\"307\">6. Der Begriff \u00ab\u00a0deutsches Unternehmen\u00a0\u00bb bedeutet ein gewerbliches Unternehmen, das von einer in der Bundesrepublik ans\u00e4ssigen Person betrieben wird.<br \/>\nDer Begriff \u00ab\u00a0franz\u00f6sisches Unternehmen\u00a0\u00bb bedeutet ein gewerbliches Unternehmen, das von einer in Frankreich ans\u00e4ssigen Person betrieben wird.<br \/>\nDie Begriffe \u00ab\u00a0Unternehmen eines der Vertragstaaten\u00a0\u00bb und \u00ab\u00a0Unternehmen des anderen Vertragstaates\u00a0\u00bb bedeuten je nach dem Zusammenhang ein deutsches Unternehmen oder ein franz\u00f6sisches Unternehmen.<\/td>\n<td width=\"307\">6. Le terme \u00ab\u00a0entreprise allemande\u00a0\u00bb d\u00e9signe une entreprise industrielle ou commerciale exploit\u00e9e par un r\u00e9sident de la R\u00e9publique F\u00e9d\u00e9rale.<br \/>\nLe terme \u00ab\u00a0entreprise fran\u00e7aise\u00a0\u00bb d\u00e9signe une entreprise industrielle ou commerciale exploit\u00e9e par un r\u00e9sident de la France.<br \/>\nLes termes \u00ab\u00a0entreprise de l&rsquo;un des \u00c9tats contractants\u00a0\u00bb et \u00ab\u00a0entreprise de l&rsquo;autre \u00c9tat contractant\u00a0\u00bb d\u00e9signent une entreprise allemande ou une entreprise fran\u00e7aise, selon les exigences du contexte.<\/p>\n<p>&nbsp;<\/td>\n<\/tr>\n<tr>\n<td width=\"307\">7. Der Begriff \u00ab\u00a0Betriebst\u00e4tte\u00a0\u00bb bedeutet eine feste Gesch\u00e4ftseinrichtung, in der die T\u00e4tigkeit des Unternehmens ganz oder teilweise ausge\u00fcbt wird.<\/td>\n<td width=\"307\">7. Le terme \u00ab\u00a0\u00e9tablissement stable\u00a0\u00bb d\u00e9signe une installation fixe d&rsquo;affaires o\u00f9 l&rsquo;entreprise exerce tout ou partie de son activit\u00e9.<\/td>\n<\/tr>\n<tr>\n<td width=\"307\">a) Als Betriebst\u00e4tten gelten insbesondere:<\/p>\n<p>&nbsp;<\/td>\n<td width=\"307\">a) Constituent notamment des \u00e9tablissements stables:<\/td>\n<\/tr>\n<tr>\n<td width=\"307\">(aa) ein Ort der Leitung,<\/p>\n<p>&nbsp;<\/td>\n<td width=\"307\">(aa) un si\u00e8ge de direction;<\/td>\n<\/tr>\n<tr>\n<td width=\"307\">(bb) eine Zweigniederlassung,<\/td>\n<td width=\"307\">(bb) une succursale;<\/p>\n<p>&nbsp;<\/td>\n<\/tr>\n<tr>\n<td width=\"307\">(cc) eine Gesch\u00e4ftsstelle,<\/p>\n<p>&nbsp;<\/td>\n<td width=\"307\">(cc) un bureau;<\/p>\n<p>&nbsp;<\/td>\n<\/tr>\n<tr>\n<td width=\"307\">(dd) eine Fabrikationsst\u00e4tte,<\/p>\n<p>&nbsp;<\/td>\n<td width=\"307\">(dd) une usine;<\/td>\n<\/tr>\n<tr>\n<td width=\"307\">(ee) eine Werkst\u00e4tte,<\/td>\n<td width=\"307\">(ee) un atelier;<\/p>\n<p>&nbsp;<\/td>\n<\/tr>\n<tr>\n<td width=\"307\">(ff) ein Bergwerk, ein Steinbruch oder eine andere St\u00e4tte der Ausbeutung von Bodensch\u00e4tzen,<\/p>\n<p>&nbsp;<\/td>\n<td width=\"307\">(ff) une mine, carri\u00e8re ou autre lieu d&rsquo;extraction de ressources naturelles;<\/td>\n<\/tr>\n<tr>\n<td width=\"307\">(gg) eine Bauausf\u00fchrung oder Montage, deren Dauer zw\u00f6lf Monate \u00fcberschreitet.<\/p>\n<p>&nbsp;<\/td>\n<td width=\"307\">(gg) un chantier de construction ou de montage dont la dur\u00e9e d\u00e9passe douze mois.<\/p>\n<p>&nbsp;<\/td>\n<\/tr>\n<tr>\n<td width=\"307\">b) Als Betriebst\u00e4tten gelten nicht:<\/p>\n<p>&nbsp;<\/td>\n<td width=\"307\">b) On ne consid\u00e8re pas qu&rsquo;il y a \u00e9tablissement stable si:<\/p>\n<p>&nbsp;<\/td>\n<\/tr>\n<tr>\n<td width=\"307\">(aa) die Benutzung von Einrichtungen ausschlie\u00dflich zur Lagerung, Ausstellung oder Auslieferung von dem Unternehmen geh\u00f6renden G\u00fctern oder Waren;<\/td>\n<td width=\"307\">(aa) il est fait usage d&rsquo;installations aux seules fins de stockage, d&rsquo;exposition ou de livraison de marchandises appartenant \u00e0 l&rsquo;entreprise;<\/td>\n<\/tr>\n<tr>\n<td width=\"307\">(bb) das Unterhalten eines Bestandes von dem Unternehmen geh\u00f6renden G\u00fctern oder Waren ausschlie\u00dflich zur Lagerung, Ausstellung oder Auslieferung;<\/p>\n<p>&nbsp;<\/td>\n<td width=\"307\">(bb) des marchandises appartenant \u00e0 l&rsquo;entreprise sont entrepos\u00e9es aux seules fins de stockage, d&rsquo;exposition ou de livraison;<\/p>\n<p>&nbsp;<\/td>\n<\/tr>\n<tr>\n<td width=\"307\">(cc) das Unterhalten eines Bestandes von dem Unternehmen geh\u00f6renden G\u00fctern oder Waren ausschlie\u00dflich zur Bearbeitung oder Verarbeitung durch ein anderes Unternehmen;<\/p>\n<p>&nbsp;<\/td>\n<td width=\"307\">(cc) des marchandises appartenant \u00e0 l&rsquo;entreprise sont entrepos\u00e9es aux seules fins de transformation par une autre entreprise;<\/p>\n<p>&nbsp;<\/td>\n<\/tr>\n<tr>\n<td width=\"307\">(dd) das Unterhalten einer festen Gesch\u00e4ftseinrichtung ausschlie\u00dflich zum Einkauf von G\u00fctern oder Waren oder zur Beschaffung von Informationen f\u00fcr das Unternehmen;<\/p>\n<p>&nbsp;<\/td>\n<td width=\"307\">(dd) une installation fixe d&rsquo;affaires est utilis\u00e9e aux seules fins d&rsquo;acheter des marchandises ou de r\u00e9unir des informations pour l&rsquo;entreprise;<\/p>\n<p>&nbsp;<\/td>\n<\/tr>\n<tr>\n<td width=\"307\">(ee) das Unterhalten einer festen Gesch\u00e4ftseinrichtung ausschlie\u00dflich zur Werbung, zur Erteilung von Ausk\u00fcnften, zur wissenschaftlichen Forschung oder zur Aus\u00fcbung \u00e4hnlicher T\u00e4tigkeiten, die f\u00fcr das Unternehmen vorbereitender Art sind oder eine Hilfst\u00e4tigkeit darstellen.<\/td>\n<td width=\"307\">(ee) une installation fixe d&rsquo;affaires est utilis\u00e9e aux seules fins de publicit\u00e9, de fourniture d&rsquo;informations, de recherche scientifique ou d&rsquo;activit\u00e9s analogues qui ont pour l&rsquo;entreprise un caract\u00e8re pr\u00e9paratoire ou auxiliaire.<\/td>\n<\/tr>\n<tr>\n<td width=\"307\">c) Eine Person, die in einem Vertragstaate f\u00fcr ein Unternehmen des anderen Vertragstaates t\u00e4tig ist &#8211; mit Ausnahme eines unabh\u00e4ngigen Vertreters im Sinne des Buchstabens e) &#8211; gilt als eine in dem erstgenannten Staate belegene Betriebst\u00e4tte, wenn sie eine Vollmacht besitzt, im Namen des Unternehmens in diesem Staate Vertr\u00e4ge abzuschlie\u00dfen, und diese Vollmacht dort gew\u00f6hnlich aus\u00fcbt, es sei denn, da\u00df sich ihre T\u00e4tigkeit auf den Einkauf von G\u00fctern oder Waren f\u00fcr das Unternehmen beschr\u00e4nkt.<\/p>\n<p>&nbsp;<\/td>\n<td width=\"307\">c) Une personne agissant dans un \u00c9tat contractant pour le compte d&rsquo;une entreprise de l&rsquo;autre \u00c9tat contractant &#8211; autre qu&rsquo;un agent jouissant d&rsquo;un statut ind\u00e9pendant, vis\u00e9 \u00e0 l&rsquo;alin\u00e9a (e) ci-apr\u00e8s &#8211; est consid\u00e9r\u00e9e comme \u00ab\u00a0\u00e9tablissement stable\u00a0\u00bb dans le premier \u00c9tat si elle dispose dans cet \u00c9tat de pouvoirs qu&rsquo;elle y exerce habituellement lui permettant de conclure des contrats au nom de l&rsquo;entreprise, \u00e0 moins que l&rsquo;activit\u00e9 de cette personne soit limit\u00e9e \u00e0 l&rsquo;achat de marchandises pour l&rsquo;entreprise.<\/p>\n<p>&nbsp;<\/td>\n<\/tr>\n<tr>\n<td width=\"307\">d) Ein Versicherungsunternehmen eines der Vertragstaaten wird so behandelt, als habe es eine Betriebst\u00e4tte in dem anderen Staate, wenn es durch einen Vertreter, der nicht Vertreter im Sinne des Buchstabens e) ist, im Gebiete des anderen Staates Pr\u00e4mien empf\u00e4ngt oder durch den Vertreter auf diesem Gebiet gelegene Risiken versichert.<\/td>\n<td width=\"307\">d) Une entreprise d&rsquo;assurance de l&rsquo;un des \u00c9tats contractants est consid\u00e9r\u00e9e comme ayant un \u00e9tablissement stable dans l&rsquo;autre \u00c9tat d\u00e8s l&rsquo;instant que, par l&rsquo;interm\u00e9diaire d&rsquo;un repr\u00e9sentant n&rsquo;entrant pas dans la cat\u00e9gorie des personnes vis\u00e9es \u00e0 l&rsquo;alin\u00e9a (e) ci-apr\u00e8s, elle per\u00e7oit des primes sur le territoire dudit \u00c9tat ou assure des risques situ\u00e9s sur ce territoire.<\/td>\n<\/tr>\n<tr>\n<td width=\"307\">e) Ein Unternehmen eines Vertragstaates wird nicht schon deshalb so behandelt, als habe es eine Betriebst\u00e4tte in dem anderen Vertragstaate, weil es dort Gesch\u00e4ftsbeziehungen durch einen Makler, Kommission\u00e4r oder einen anderen unabh\u00e4ngigen Vertreter unterh\u00e4lt, sofern diese Personen im Rahmen ihrer ordentlichen Gesch\u00e4ftst\u00e4tigkeit handeln.<\/td>\n<td width=\"307\">e) On ne consid\u00e8re pas qu&rsquo;une entreprise d&rsquo;un \u00c9tat contractant a un \u00e9tablissement stable dans l&rsquo;autre \u00c9tat contractant du seul fait qu&rsquo;elle y effectue des op\u00e9rations commerciales par l&rsquo;entremise d&rsquo;un courtier, d&rsquo;un commissionnaire g\u00e9n\u00e9ral ou de tout autre interm\u00e9diaire jouissant d&rsquo;un statut ind\u00e9pendant, \u00e0 condition que ces personnes agissent dans le cadre ordinaire de leur activit\u00e9.<\/td>\n<\/tr>\n<tr>\n<td width=\"307\">f) Die Tatsache, da\u00df eine in einem Vertragstaat ans\u00e4ssige Gesellschaft eine Gesellschaft beherrscht oder von einer Gesellschaft beherrscht wird, die in dem anderen Vertragstaat ans\u00e4ssig ist oder dort (entweder durch eine Betriebst\u00e4tte oder in anderer Weise) Gesch\u00e4ftsbeziehungen unterh\u00e4lt, macht f\u00fcr sich allein die eine der beiden Gesellschaften nicht zur Betriebst\u00e4tte der anderen Gesellschaft.<\/td>\n<td width=\"307\">f) Le fait qu&rsquo;une soci\u00e9t\u00e9 r\u00e9sident d&rsquo;un \u00c9tat contractant contr\u00f4le ou est contr\u00f4l\u00e9e par une soci\u00e9t\u00e9 qui est r\u00e9sident de l&rsquo;autre \u00c9tat contractant ou qui y effectue des op\u00e9rations commerciales (que ce soit par l&rsquo;interm\u00e9diaire d&rsquo;un \u00e9tablissement stable ou non) ne suffit pas, en lui-m\u00eame, \u00e0 faire de l&rsquo;une quelconque de ces deux soci\u00e9t\u00e9s un \u00e9tablissement stable de l&rsquo;autre.<\/td>\n<\/tr>\n<tr>\n<td width=\"307\">8. Der Begriff \u201ezust\u00e4ndige Beh\u00f6rden\u201c im Sinne dieses Abkommens bedeutet aufseiten der Bundesrepublik das Bundesministerium der Finanzen oder die Beh\u00f6rde, an die es seine Befugnisse delegiert hat, und aufseiten Frankreichs den Finanzminister oder seinen bevollm\u00e4chtigten Vertreter.<\/td>\n<td width=\"307\">8. L\u2019expression \u00ab autorit\u00e9s comp\u00e9tentes \u00bb au sens de la pr\u00e9sente Convention d\u00e9signe, en ce qui concerne la R\u00e9publique f\u00e9d\u00e9rale, le minist\u00e8re f\u00e9d\u00e9ral des finances ou le service auquel il a d\u00e9l\u00e9gu\u00e9 ses pouvoirs et, en ce qui concerne la France, le ministre en charge des finances ou son repr\u00e9sentant autoris\u00e9 la.<\/td>\n<\/tr>\n<tr>\n<td width=\"307\">(2) F\u00fcr die Anwendung dieses Abkommens durch einen der Vertragstaaten wird jeder Begriff, der nicht in diesem Abkommen bestimmt worden ist, die Auslegung erfahren, die sich aus den Gesetzen ergibt, die in diesem Staat in Kraft sind und sich auf Steuern im Sinne dieses Abkommens beziehen, falls der Zusammenhang keine andere Auslegung erfordert.<\/td>\n<td width=\"307\">(2) Pour l&rsquo;application de la pr\u00e9sente convention par l&rsquo;un des \u00c9tals contractants, tout terme non d\u00e9fini dans cette convention recevra, \u00e0 moins que le contexte ne l&rsquo;exige autrement, la signification que lui donnent les lois en vigueur dans l&rsquo;Etat consid\u00e9r\u00e9, en ce qui concerne les imp\u00f4ts vis\u00e9s dans cette convention.<\/td>\n<\/tr>\n<tr>\n<td width=\"307\"><strong>Artikel 3<\/strong><\/td>\n<td width=\"307\"><strong>Article 3<\/strong><\/td>\n<\/tr>\n<tr>\n<td width=\"307\">(1) Eink\u00fcnfte aus unbeweglichem Verm\u00f6gen (einschlie\u00dflich des Zubeh\u00f6rs und des lebenden oder toten Inventars der land- und forstwirtschaftlichen Betriebe) k\u00f6nnen nur in dem Vertragstaate besteuert werden, in dem dieses Verm\u00f6gen belegen ist.<\/td>\n<td width=\"307\">(1) Les revenus provenant des biens immobiliers (y compris les accessoires ainsi que le cheptel mort ou vif des entreprises agricoles et foresti\u00e8res) ne sont imposables que dans l&rsquo;\u00c9tat contractant o\u00f9 ces biens sont situ\u00e9s.<\/p>\n<p>&nbsp;<\/td>\n<\/tr>\n<tr>\n<td width=\"307\">(2) Der Begriff \u00ab\u00a0unbewegliches Verm\u00f6gen\u00a0\u00bb bestimmt sich nach den Gesetzen des Vertragstaates, in dem das Verm\u00f6gen belegen ist.<\/td>\n<td width=\"307\">(2) La notion de bien immobilier se d\u00e9termine d&rsquo;apr\u00e8s les lois de l&rsquo;\u00c9tat contractant o\u00f9 est situ\u00e9 le bien consid\u00e9r\u00e9.<\/td>\n<\/tr>\n<tr>\n<td width=\"307\">(3) Rechte, auf die die b\u00fcrgerlich-rechtlichen Vorschriften \u00fcber Grundst\u00fccke Anwendung finden, Nutzungsrechte an unbeweglichem Verm\u00f6gen und Rechte auf ver\u00e4nderliche oder feste Lizenzgeb\u00fchren f\u00fcr die Ausbeutung von Mineralvorkommen, Quellen und anderen Bodensch\u00e4tzen gelten f\u00fcr die Anwendung dieses Artikels als unbewegliches Verm\u00f6gen; Schiffe gelten nicht als unbewegliches Verm\u00f6gen.<\/td>\n<td width=\"307\">(3) Pour l&rsquo;application du pr\u00e9sent article, les droits auxquels s&rsquo;appliquent les dispositions du droit priv\u00e9 concernant la propri\u00e9t\u00e9 fonci\u00e8re, les droits d&rsquo;usufruit sur les biens immobiliers et les droits \u00e0 des redevances variables ou fixes pour l&rsquo;exploitation de gisements min\u00e9raux, sources, et autres richesses du sol sont consid\u00e9r\u00e9s comme biens immobiliers, mais les navires ne sont pas consid\u00e9r\u00e9s comme biens immobiliers.<\/td>\n<\/tr>\n<tr>\n<td width=\"307\">(4) Die Abs\u00e4tze (1) bis (3) gelten auch f\u00fcr die Eink\u00fcnfte aus der unmittelbaren Nutzung, der Vermietung oder Verpachtung sowie jeder anderen Art der Nutzung des unbeweglichen Verm\u00f6gens einschlie\u00dflich der Eink\u00fcnfte aus Land- und Forstwirtschaft. Sie gelten ebenfalls f\u00fcr die Gewinne aus der Ver\u00e4u\u00dferung von unbeweglichem Verm\u00f6gen.<\/td>\n<td width=\"307\">(4) Les dispositions des paragraphes (1) \u00e0 (3) s&rsquo;appliquent aussi aux revenus procur\u00e9s par l&rsquo;exploitation directe, par la location ou l&rsquo;affermage, ainsi que par toute autre forme d&rsquo;exploitation de biens immobiliers, y compris les revenus provenant des entreprises agricoles et foresti\u00e8res. Elles s&rsquo;appliquent \u00e9galement aux b\u00e9n\u00e9fices r\u00e9sultant de l&rsquo;ali\u00e9nation de biens immobiliers.<\/td>\n<\/tr>\n<tr>\n<td width=\"307\">(5) Die Abs\u00e4tze (1) bis (4) gelten auch f\u00fcr die Eink\u00fcnfte aus unbeweglichem Verm\u00f6gen von Betrieben, die nicht land- und forstwirtschaftliche Betriebe sind, und f\u00fcr die Eink\u00fcnfte aus unbeweglichem Verm\u00f6gen, das der Aus\u00fcbung einer freiberuflichen T\u00e4tigkeit dient.<\/td>\n<td width=\"307\">(5) Les dispositions des paragraphes (1) \u00e0 (4) s&rsquo;appliquent \u00e9galement aux revenus des biens immobiliers d&rsquo;entreprises autres que les entreprises agricoles et foresti\u00e8res ainsi qu&rsquo;aux revenus des biens immobiliers servant \u00e0 l&rsquo;exercice d&rsquo;une profession lib\u00e9rale.<\/td>\n<\/tr>\n<tr>\n<td width=\"307\"><strong>Artikel 4<\/strong><\/td>\n<td width=\"307\"><strong>Article 4<\/strong><\/td>\n<\/tr>\n<tr>\n<td width=\"307\">(1) Gewinne eines Unternehmens eines der Vertragstaaten k\u00f6nnen nur in diesem Staate besteuert werden, es sei denn, da\u00df das Unternehmen in dem anderen Staate durch eine dort belegene Betriebst\u00e4tte gewerblich t\u00e4tig ist. Ist das Unternehmen auf diese Weise gewerblich t\u00e4tig, so k\u00f6nnen in dem anderen Staate die Gewinne des Unternehmens besteuert werden, jedoch nur insoweit, als sie der Betriebst\u00e4tte zugerechnet werden k\u00f6nnen. Dieser Teil der Gewinne kann in dem erstgenannten Vertragstaate nicht besteuert werden.<\/td>\n<td width=\"307\">(1) Les b\u00e9n\u00e9fices d&rsquo;une entreprise de l&rsquo;un des \u00c9tats contractants ne sont imposables que dans cet \u00c9tat, \u00e0 moins que l&rsquo;entreprise n&rsquo;effectue des op\u00e9rations commerciales dans l&rsquo;autre \u00c9tat par l&rsquo;interm\u00e9diaire d&rsquo;un \u00e9tablissement stable qui y est situ\u00e9. Si l&rsquo;entreprise effectue de telles op\u00e9rations commerciales, l&rsquo;imp\u00f4t peut \u00eatre per\u00e7u sur les b\u00e9n\u00e9fices de l&rsquo;entreprise dans l&rsquo;autre \u00c9tat, mais uniquement dans la mesure o\u00f9 ces b\u00e9n\u00e9fices peuvent \u00eatre attribu\u00e9s audit \u00e9tablissement stable. Cette fraction des b\u00e9n\u00e9fices n&rsquo;est pas imposable dans le premier mentionn\u00e9 des \u00c9tats contractants.<\/td>\n<\/tr>\n<tr>\n<td width=\"307\">(2) Ist ein Unternehmen eines der Vertragstaaten in dem anderen Staate durch eine dort belegene Betriebst\u00e4tte gewerblich t\u00e4tig, so sind dieser Betriebst\u00e4tte diejenigen Gewinne zuzurechnen, die sie h\u00e4tte erzielen k\u00f6nnen, wenn sie sich als selbst\u00e4ndiges Unternehmen mit gleichen oder \u00e4hnlichen Gesch\u00e4ften unter gleichen oder \u00e4hnlichen Bedingungen befa\u00dft und mit dem Unternehmen, dessen Betriebst\u00e4tte sie ist, Gesch\u00e4fte wie ein unabh\u00e4ngiges Unternehmen get\u00e4tigt haben w\u00fcrde.<\/td>\n<td width=\"307\">(2) Lorsqu&rsquo;une entreprise de l&rsquo;un des \u00c9tats contractants effectue des op\u00e9rations commerciales dans l&rsquo;autre \u00c9tat par l&rsquo;interm\u00e9diaire d&rsquo;un \u00e9tablissement stable qui y est situ\u00e9, sont attribu\u00e9s \u00e0 cet \u00e9tablissement stable les b\u00e9n\u00e9fices qu&rsquo;il aurait pu s&rsquo;attendre \u00e0 r\u00e9aliser s il avait constitu\u00e9 une entreprise autonome exer\u00e7ant des activit\u00e9s identiques ou analogues dans des conditions identiques ou analogues et traitant comme une entreprise ind\u00e9pendante avec l&rsquo;entreprise dont il est un \u00e9tablissement stable.<\/td>\n<\/tr>\n<tr>\n<td width=\"307\">(3) Anteile eines Mitunternehmers an den Gewinnen eines Unternehmens, das in Form einer Gesellschaft des b\u00fcrgerlichen Rechts, einer offenen Handelsgesellschaft oder einer Kommanditgesellschaft betrieben wird, und Anteile an den Gewinnen einer \u00ab\u00a0soci\u00e9t\u00e9 de fait\u00a0\u00bb, einer \u00ab\u00a0association en participation\u00a0\u00bb oder einer \u00ab\u00a0soci\u00e9t\u00e9 civile\u00a0\u00bb franz\u00f6sischen Rechts k\u00f6nnen nur in dem Staate besteuert worden, in dem das Unternehmen eine Betriebst\u00e4tte hat, jedoch nur in H\u00f6he des Anteils des Mitunternehmers an den auf die Betriebst\u00e4tte entfallenden Gewinnen.<\/td>\n<td width=\"307\">(3) Les participations d&rsquo;un associ\u00e9 aux b\u00e9n\u00e9fices d&rsquo;une entreprise constitu\u00e9e sous forme de soci\u00e9t\u00e9 de droit civil, de soci\u00e9t\u00e9 en nom collectif ou de soci\u00e9t\u00e9 en commandite simple ainsi que les participations aux b\u00e9n\u00e9fices d&rsquo;une \u00ab\u00a0soci\u00e9t\u00e9 de fait\u00a0\u00bb d&rsquo;une \u00ab\u00a0association en participation\u00a0\u00bb ou d&rsquo;une \u00ab\u00a0soci\u00e9t\u00e9 civile\u00a0\u00bb de droit fran\u00e7ais ne sont imposables que dans l&rsquo;\u00c9tat o\u00f9 l&rsquo;entreprise en question a un \u00e9tablissement stable, mais en proportion seulement des droits de cet associ\u00e9 dans les b\u00e9n\u00e9fices dudit \u00e9tablissement.<\/p>\n<p>&nbsp;<\/td>\n<\/tr>\n<tr>\n<td width=\"307\">(4) Die Abs\u00e4tze 1 und 3 gelten sowohl f\u00fcr die durch unmittelbare Verwaltung und Nutznie\u00dfung als auch f\u00fcr die durch Vermietung oder jede andere Art der Nutzung des gewerblichen Unternehmens erzielten Eink\u00fcnfte<\/td>\n<td width=\"307\">(4) Les paragraphes (1) et (3) s\u2019appliquent aussi bien aux revenus provenant de l\u2019administration et de la jouissance directes qu\u2019aux revenus acquis au moyen de la location ou de toutes autres formes d\u2019utilisation de l\u2019entreprise industrielle ou commerciale<\/td>\n<\/tr>\n<tr>\n<td width=\"307\">(5) Gewinne, die ein Unternehmen in einem der Vertragstaaten erzielt hat, d\u00fcrfen einer in dem anderen Staate belegenen Betriebst\u00e4tte weder ganz noch teilweise deshalb zugerechnet werden, weil das Unternehmen in diesem anderen Staate G\u00fcter oder Waren lediglich eingekauft hat.<\/td>\n<td width=\"307\">(5) Aucune fraction des b\u00e9n\u00e9fices r\u00e9alis\u00e9s par une entreprise dans l&rsquo;un des \u00c9tats contractants n&rsquo;est attribu\u00e9e \u00e0 un \u00e9tablissement stable situ\u00e9 dans l&rsquo;autre \u00c9tat du fait que l&rsquo;entreprise a simplement achet\u00e9 des marchandises dans cet autre \u00c9tat.<\/td>\n<\/tr>\n<tr>\n<td width=\"307\">(6) Bei der Ermittlung des aus der T\u00e4tigkeit einer Betriebst\u00e4tte erzielten Gewinns ist grunds\u00e4tzlich vom Bilanzergebnis der Betriebst\u00e4tte auszugehen. Dabei sind alle der Betriebst\u00e4tte zurechenbaren Ausgaben einschlie\u00dflich eines Anteils an den Generalunkosten des Unternehmens zu ber\u00fccksichtigen. In besonderen F\u00e4llen kann bei der Ermittlung des Gewinns der Gesamtgewinn des Unternehmens aufgeteilt werden; bei Versicherungsunternehmen ist in solchen F\u00e4llen das Verh\u00e4ltnis der Pr\u00e4mieneinnahmen der Betriebst\u00e4tte zu den gesamten Pr\u00e4mieneinnahmen des Unternehmens zu Grunde zu legen.<\/td>\n<td width=\"307\">(6) Le b\u00e9n\u00e9fice provenant de l&rsquo;activit\u00e9 d&rsquo;un \u00e9tablissement stable est d\u00e9termin\u00e9 essentiellement d&rsquo;apr\u00e8s le r\u00e9sultat du bilan de cet \u00e9tablissement. Il doit \u00eatre fait \u00e9tat de toutes les d\u00e9penses imputables \u00e0 l&rsquo;\u00e9tablissement, y compris une quote-part des frais g\u00e9n\u00e9raux de l&rsquo;entreprise. Dans certains cas, aux fins de d\u00e9terminer le b\u00e9n\u00e9fice, il peut \u00eatre proc\u00e9d\u00e9 \u00e0 une r\u00e9partition du b\u00e9n\u00e9fice total de l&rsquo;entreprise; en ce qui concerne les entreprises d&rsquo;assurance, il convient de prendre pour base, en pareil cas, le rapport existant entre le montant des primes encaiss\u00e9es par l&rsquo;\u00e9tablissement et l&rsquo;ensemble des primes encaiss\u00e9es par l&rsquo;entreprise.<\/td>\n<\/tr>\n<tr>\n<td width=\"307\">(7) Absatz (1) ist entsprechend auf die Gewerbesteuer (contribution des patentes) anzuwenden, die nach einer anderen Bemessungsgrundlage als dem gewerblichen Gewinn erhoben wird.<\/td>\n<td width=\"307\">(7) Le paragraphe (1) s&rsquo;applique par analogie \u00e0 la contribution des patentes (Gewerbesteuer) per\u00e7ue sur une autre base que le b\u00e9n\u00e9fice commercial.<\/td>\n<\/tr>\n<tr>\n<td width=\"307\">(8) Die zust\u00e4ndigen Beh\u00f6rden der Vertragstaaten werden sich gegebenenfalls \u00fcber die Grunds\u00e4tze der Aufteilung der Gewinne des Unternehmens verst\u00e4ndigen, wenn eine ordnungsgem\u00e4\u00dfe Buchf\u00fchrung nicht vorhanden ist, aus der die Gewinne, die auf die in ihrem Gebiete belegenen Betriebst\u00e4tten entfallen, genau und gesondert hervorgehen.<\/td>\n<td width=\"307\">(8) Les autorit\u00e9s comp\u00e9tentes des \u00c9tats contractants s&rsquo;entendront, le cas \u00e9ch\u00e9ant, pour arr\u00eater les r\u00e8gles de r\u00e9partition des b\u00e9n\u00e9fices de l&rsquo;entreprise, \u00e0 d\u00e9faut d&rsquo;une comptabilit\u00e9 r\u00e9guli\u00e8re faisant ressortir exactement et distinctement les b\u00e9n\u00e9fices aff\u00e9rents aux \u00e9tablissements stables situ\u00e9s sur leur territoire respectif.<\/td>\n<\/tr>\n<tr>\n<td width=\"307\">(9) Die Abs\u00e4tze 1 und 3 sind nicht dahin auszulegen, dass sie einem der Vertragsstaaten verbieten, in \u00dcbereinstimmung mit diesem Abkommen die Eink\u00fcnfte zu besteuern, die ein Unternehmen des anderen Vertragsstaats aus Quellen innerhalb des erstgenannten Staates bezieht (Eink\u00fcnfte aus unbeweglichem Verm\u00f6gen, Ver\u00e4u\u00dferungsgewinne im Sinne des Artikels 7 Abs\u00e4tze 1 und 4, Dividenden), wenn diese Eink\u00fcnfte keiner im Gebiet des erstgenannten Staates gelegenen Betriebst\u00e4tte zugerechnet werden k\u00f6nnen.<\/td>\n<td width=\"307\">(9) Les paragraphes (1) et (3) ne peuvent \u00eatre interpr\u00e9t\u00e9s comme interdisant \u00e0 l&rsquo;un des Etats contractants d&rsquo;imposer, conform\u00e9ment \u00e0 la pr\u00e9sente Convention, les revenus provenant de sources situ\u00e9es sur son territoire et b\u00e9n\u00e9ficiant \u00e0 une entreprise de l&rsquo;autre Etat contractant (revenus de biens immobiliers, gains en capital vis\u00e9s aux paragraphes (1) et (4) de l\u2019article 7, dividendes), au cas o\u00f9 ces revenus ne peuvent \u00eatre attribu\u00e9s \u00e0 un \u00e9tablissement stable situ\u00e9 sur le territoire de l&rsquo;Etat d\u00e9sign\u00e9 en premier lieu.<\/td>\n<\/tr>\n<tr>\n<td width=\"307\"><strong>Artikel 5<\/strong><\/td>\n<td width=\"307\"><strong>Article 5<\/strong><\/td>\n<\/tr>\n<tr>\n<td width=\"307\">Wenn ein Unternehmen eines der Vertragstaaten an der Gesch\u00e4ftsleitung oder an dem finanziellen Aufbau eines Unternehmens des anderen Vertragstaates unmittelbar oder mittelbar beteiligt ist, oder die gleichen Personen an der Gesch\u00e4ftsleitung oder an dem finanziellen Aufbau eines Unternehmens eines der Vertragstaaten und eines Unternehmens des anderen Vertragstaates unmittelbar oder mittelbar beteiligt sind, und wenn in diesen F\u00e4llen im Verh\u00e4ltnis beider Unternehmen zueinander f\u00fcr ihre kaufm\u00e4nnischen oder finanziellen Beziehungen Bedingungen vereinbart oder auferlegt werden, die sich von den Bedingungen unterscheiden, die zwischen unabh\u00e4ngigen Unternehmen vereinbart w\u00fcrden, so k\u00f6nnen Gewinne, die ohne diese Bedingungen einem der Unternehmen zugeflossen w\u00e4ren, aber infolge dieser Bedingungen nicht zugeflossen sind, den Gewinnen dieses Unternehmens hinzugerechnet und entsprechend besteuert werden.<\/td>\n<td width=\"307\">Lorsque une entreprise de l&rsquo;un des \u00c9tats contractants participe directement ou indirectement \u00e0 la direction ou \u00e0 la formation du capital d&rsquo;une entreprise de l&rsquo;autre \u00c9tat contractant, ou que les m\u00eames personnes participent directement ou indirectement \u00e0 la direction ou \u00e0 la formation du capital d&rsquo;une entreprise de l&rsquo;un des \u00c9tats contractants et d&rsquo;une entreprise de l&rsquo;autre \u00c9tat contractant, et que, dans l&rsquo;un et l&rsquo;autre cas, les deux entreprises sont, dans leurs relations commerciales ou financi\u00e8res, li\u00e9es par des conditions accept\u00e9es ou impos\u00e9es, qui diff\u00e8rent de celles qui seraient conclues entre des entreprises ind\u00e9pendantes, les b\u00e9n\u00e9fices qui, sans ces conditions, auraient \u00e9t\u00e9 obtenus par l&rsquo;une des entreprises mais n&rsquo;ont pu l&rsquo;\u00eatre \u00e0 cause de ces conditions, peuvent \u00eatre inclus dans les b\u00e9n\u00e9fices de cette entreprise et impos\u00e9s en cons\u00e9quence.<\/td>\n<\/tr>\n<tr>\n<td width=\"307\"><strong>Artikel 6<\/strong><\/td>\n<td width=\"307\"><strong>Article 6<\/strong><\/td>\n<\/tr>\n<tr>\n<td width=\"307\">(1) Gewinne aus dem Betrieb von Seeschiffen oder Luftfahrzeugen im internationalen Verkehr k\u00f6nnen nur in dem Vertragstaate besteuert werden, in dem sich der Ort der tats\u00e4chlichen Gesch\u00e4ftsleitung des Unternehmens befindet.<\/td>\n<td width=\"307\">(1) Les b\u00e9n\u00e9fices de l&rsquo;exploitation, en trafic international, de navires ou d&rsquo;a\u00e9ronefs ne sont imposables que dans l&rsquo;\u00c9tat contractant o\u00f9 se trouve le si\u00e8ge de la direction effective de l&rsquo;entreprise.<\/td>\n<\/tr>\n<tr>\n<td width=\"307\">(2) Gewinne aus dem Betrieb von Schiffen, die der Binnenschiffahrt dienen, k\u00f6nnen nur in dem Vertragstaate besteuert werden, in dem sich der Ort der tats\u00e4chlichen Gesch\u00e4ftsleitung des Unternehmens befindet.<\/td>\n<td width=\"307\">(2) Les b\u00e9n\u00e9fices de l&rsquo;exploitation des bateaux servant \u00e0 la navigation int\u00e9rieure ne sont imposables que dans l&rsquo;\u00c9tat contractant o\u00f9 se trouve le si\u00e8ge de la direction effective de l&rsquo;entreprise.<\/td>\n<\/tr>\n<tr>\n<td width=\"307\">(3) Befindet sich der Ort der tats\u00e4chlichen Gesch\u00e4ltsleitung eines Unternehmens der See- oder Binnenschiffahrt an Bord eines Schiffes, so gilt er als in dem Vertragstaate befindlich, in dem der Heimathafen des Schiffes liegt. Hat das Schiff keinen Heimathafen in einem der Vertragstaaten, so gilt der Ort der tats\u00e4chlichen Gesch\u00e4ftsleitung als in dem Vertragstaate befindlich, in dem die Person, die das Schiff betreibt, ans\u00e4ssig ist.<\/td>\n<td width=\"307\">(3) Si le si\u00e8ge de la direction effective d&rsquo;une entreprise de navigation maritime ou int\u00e9rieure se trouve \u00e0 bord d&rsquo;un navire ou d&rsquo;un bateau, il est r\u00e9put\u00e9 situ\u00e9 dans l&rsquo;\u00c9tat contractant o\u00f9 se trouve le port d&rsquo;attache de ce navire ou de ce bateau. A d\u00e9faut de port d&rsquo;attache dans l&rsquo;un des \u00c9tats contractants, le si\u00e8ge de la direction effective est r\u00e9put\u00e9 situ\u00e9 dans l&rsquo;\u00c9tat contractant dont l&rsquo;exploitant du navire ou du bateau est le r\u00e9sident.<\/td>\n<\/tr>\n<tr>\n<td width=\"307\">(4) Die Abs\u00e4tze (1) und (2) sind entsprechend auf die Gewerbesteuer (contribution des patentes) anzuwenden, die nach einer anderen Bemessungsgrundlage als dem gewerblichen Gewinn erhoben wird.<\/td>\n<td width=\"307\">(4) Les paragraphes (1) et (2) s&rsquo;appliquent par analogie \u00e0 la contribution des patentes (Gewerbesteuer) per\u00e7ue sur une autre base que le b\u00e9n\u00e9fice commercial.<\/td>\n<\/tr>\n<tr>\n<td width=\"307\"><strong>Artikel 7<\/strong><\/td>\n<td width=\"307\"><strong>Article 7<\/strong><\/td>\n<\/tr>\n<tr>\n<td width=\"307\">(1) Gewinne, die eine in einem Vertragsstaat ans\u00e4ssige Person aus der Ver\u00e4u\u00dferung unbeweglichen Verm\u00f6gens im Sinne des Artikels 3 bezieht, das im anderen Vertragsstaat liegt, k\u00f6nnen im anderen Staat besteuert werden.<\/td>\n<td width=\"307\">(1) Les gains qu\u2019un r\u00e9sident d\u2019un Etat contractant tire de l\u2019ali\u00e9nation de biens immobiliers vis\u00e9s \u00e0 l\u2019article 3, et situ\u00e9s dans l\u2019autre Etat contractant, sont imposables dans cet autre Etat.<\/td>\n<\/tr>\n<tr>\n<td width=\"307\">(2) Gewinne aus der Ver\u00e4u\u00dferung beweglichen Verm\u00f6gens, das Betriebsverm\u00f6gen einer Betriebst\u00e4tte ist, die ein Unternehmen eines Vertragsstaats im anderen Vertragsstaat hat, oder das zu einer festen Einrichtung geh\u00f6rt, die einer in einem Vertragsstaat ans\u00e4ssigen Person f\u00fcr die Aus\u00fcbung einer selbst\u00e4ndigen Arbeit im anderen Vertragsstaat zur Verf\u00fcgung steht, einschlie\u00dflich derartiger Gewinne, die bei der Ver\u00e4u\u00dferung einer solchen Betriebst\u00e4tte (allein oder mit dem \u00fcbrigen Unternehmen) oder einer solchen festen Einrichtung erzielt werden, k\u00f6nnen im anderen Staat besteuert werden.<\/td>\n<td width=\"307\">(2) Les gains provenant de l\u2019ali\u00e9nation de biens mobiliers qui font partie de l\u2019actif d\u2019un \u00e9tablissement stable qu\u2019une entreprise d\u2019un Etat contractant a dans l\u2019autre Etat contractant ou de biens mobiliers affect\u00e9s \u00e0 une base fixe dont dispose un r\u00e9sident d\u2019un Etat contractant dans l\u2019autre Etat contractant pour l\u2019exercice d\u2019une profession ind\u00e9pendante, y compris de tels gains provenant de l\u2019ali\u00e9nation de cet \u00e9tablissement stable (seul ou avec l\u2019ensemble de l\u2019entreprise) ou de cette base fixe, sont imposables dans cet autre \u00c9tat.<\/td>\n<\/tr>\n<tr>\n<td width=\"307\">(3) Gewinne aus der Ver\u00e4u\u00dferung von Verm\u00f6gen, das Betriebsverm\u00f6gen eines Unternehmens ist und sich zusammensetzt aus Seeschiffen oder Luftfahrzeugen, die von diesem Unternehmen im internationalen Verkehr betrieben werden, aus Schiffen, die der Binnenschifffahrt dienen, oder aus beweglichem Verm\u00f6gen, das dem Betrieb dieser Schiffe oder Luftfahrzeuge dient, k\u00f6nnen nur in dem Vertragsstaat besteuert werden, in dem sich der Ort der tats\u00e4chlichen Gesch\u00e4ftsleitung des Unternehmens befindet.<\/td>\n<td width=\"307\">(3) Les gains provenant de l\u2019ali\u00e9nation de biens faisant partie de l\u2019actif d\u2019une entreprise et qui sont des navires ou a\u00e9ronefs exploit\u00e9s par cette entreprise en trafic international, des bateaux servant \u00e0 la navigation int\u00e9rieure ou des biens mobiliers affect\u00e9s \u00e0 l\u2019exploitation de ces navires, a\u00e9ronefs ou bateaux ne sont imposables que dans l\u2019Etat contractant o\u00f9 le si\u00e8ge de direction effective de l\u2019entreprise est situ\u00e9.<\/td>\n<\/tr>\n<tr>\n<td width=\"307\">(4) Gewinne, die eine in einem Vertragsstaat ans\u00e4ssige Person aus der Ver\u00e4u\u00dferung von Aktien oder vergleichbaren Anteilen bezieht, deren Wert zu mehr als 50 vom Hundert unmittelbar oder mittelbar auf unbeweglichem Verm\u00f6gen beruht, das im anderen Vertragsstaat liegt, k\u00f6nnen im anderen Staat besteuert werden. Bei der Anwendung dieser Bestimmung ist unbewegliches Verm\u00f6gen, das von einem Rechtstr\u00e4ger unmittelbar zur Aus\u00fcbung seiner Gesch\u00e4ftst\u00e4tigkeit (zum Beispiel bei einem Bergwerk oder Hotel) verwendet wird, nicht zu ber\u00fccksichtigen.<\/td>\n<td width=\"307\">(4) Les gains qu\u2019un r\u00e9sident d\u2019un Etat contractant tire de l\u2019ali\u00e9nation d\u2019actions, de parts ou droits tirant directement ou indirectement plus de 50 pour cent de leur valeur de biens immobiliers situ\u00e9s dans l\u2019autre Etat contractant sont imposables dans cet autre Etat. Pour l&rsquo;application de cette disposition, ne sont pas pris en consid\u00e9ration les biens immobiliers directement affect\u00e9s par une entit\u00e9 \u00e0 sa propre activit\u00e9 d\u2019entreprise (telle qu\u2019une mine ou un h\u00f4tel).<\/td>\n<\/tr>\n<tr>\n<td width=\"307\">(5) Gewinne aus der Ver\u00e4u\u00dferung des in den Abs\u00e4tzen 1, 2, 3 und 4 nicht genannten Verm\u00f6gens k\u00f6nnen nur in dem Vertragsstaat besteuert werden, in dem der Ver\u00e4u\u00dferer ans\u00e4ssig ist.<\/td>\n<td width=\"307\">(5) Les gains provenant de l\u2019ali\u00e9nation de tous biens autres que ceux vis\u00e9s aux paragraphes (1), (2), (3) et (4) ne sont imposables que dans l\u2019Etat contractant dont le c\u00e9dant est un r\u00e9sident.<\/td>\n<\/tr>\n<tr>\n<td width=\"307\">(6) Bei einer nat\u00fcrlichen Person, die in einem Vertragsstaat w\u00e4hrend mindestens f\u00fcnf Jahren ans\u00e4ssig war und im anderen Vertragsstaat ans\u00e4ssig geworden ist, ber\u00fchrt Absatz 5 nicht das Recht des erstgenannten Staates, bei Anteilen an Gesellschaften, die im erstgenannten Vertragsstaat ans\u00e4ssig sind, nach seinen innerstaatlichen Rechtsvorschriften bei der Person einen Verm\u00f6genszuwachs bis zu ihrem Wohnsitzwechsel zu besteuern. Besteuert der erstgenannte Vertragsstaat bei Wegzug einer in diesem Staat ans\u00e4ssigen nat\u00fcrlichen Person den Verm\u00f6genszuwachs, so wird bei sp\u00e4terer Ver\u00e4u\u00dferung der Anteile, wenn der daraus erzielte Gewinn in dem anderen Staat nach Absatz 5 besteuert wird, dieser Staat bei der Ermittlung des Ver\u00e4u\u00dferungsgewinns als Anschaffungskosten den Wert der Anteile im Zeitpunkt des Wegzugs zugrunde legen. Verringert sich der Wert der Anteile nach dem Wegzug, ist f\u00fcr die Berechnung der Ver\u00e4u\u00dferungsgewinne durch den erstgenannten Staat der Ver\u00e4u\u00dferungspreis zu ber\u00fccksichtigen.<\/td>\n<td width=\"307\">(6) Lorsqu\u2019une personne physique a \u00e9t\u00e9 r\u00e9sident d\u2019un Etat contractant pendant une p\u00e9riode de 5 ans ou plus et est devenue r\u00e9sident de l\u2019autre Etat contractant, le paragraphe (5) n\u2019interdit pas au premier Etat d\u2019imposer selon son droit interne la plus-value r\u00e9alis\u00e9e, pendant la p\u00e9riode de r\u00e9sidence de cette personne dans cet Etat, sur les participations dans une soci\u00e9t\u00e9 r\u00e9sidente de celui-ci. Lorsque le premier Etat contractant impose la plus-value susmentionn\u00e9e \u00e0 la suite du transfert de r\u00e9sidence d\u2019une personne physique depuis cet Etat, et lorsque les participations sont ult\u00e9rieurement c\u00e9d\u00e9es et que les gains en r\u00e9sultant sont impos\u00e9s conform\u00e9ment au paragraphe (5) dans l\u2019autre Etat, ce dernier retiendra comme valeur d\u2019acquisition, pour calculer le gain en capital, la valeur des participations au moment du transfert de r\u00e9sidence. Si le prix de cession est inf\u00e9rieur \u00e0 la valeur des participations au moment du transfert de r\u00e9sidence, c\u2019est ce prix de cession qui sera pris en compte pour la d\u00e9termination du gain en capital par le premier Etat.<\/td>\n<\/tr>\n<tr>\n<td width=\"307\"><strong>Artikel 8<\/strong><\/td>\n<td width=\"307\"><strong>Article 8<\/strong><\/td>\n<\/tr>\n<tr>\n<td width=\"307\">(1) In der Bundesrepublik ans\u00e4ssige Gesellschaften, die in Frankreich eine Betriebst\u00e4tte unterhalten, werden nicht zur Aussch\u00fcttungsteuer (imp\u00f4t de distribution) im Sinne des Artikels 115 quinqui\u00e8s des Code g\u00e9n\u00e9ral des Imp\u00f4ts herangezogen.<br \/>\nDer der franz\u00f6sischen Proportionalsteuer tats\u00e4chlich unterliegende Teilbetrag der Gewinnaussch\u00fcttung darf jedoch ein Viertel der Eink\u00fcnfte nicht \u00fcbersteigen, die nach dem oben angef\u00fchrten Artikel 109-2 steuerpflichtig sind; dabei d\u00fcrfen diese Eink\u00fcnfte den Betrag der von der franz\u00f6sischen Betriebst\u00e4tte erzielten gewerblichen Gewinne nicht \u00fcbersteigen, der nach diesem Abkommen bei der Veranlagung der Betriebst\u00e4tte zu der imp\u00f4t sur les b\u00e9n\u00e9fices des soci\u00e9t\u00e9s (Steuer von den Gewinnen der Gesellschaften) zugrunde zu legen ist.<br \/>\nKann die Gesellschaft entsprechend den Bedingungen, die die Zustimmung der zust\u00e4ndigen Beh\u00f6rden der Vertragstaaten gefunden haben, nachweisen, da\u00df mehr als drei Viertel der Gesamtheit ihrer Aktien, ihrer Gr\u00fcnderanteile (Genu\u00dfscheine) oder ihrer Gesellschaftsanteile in der Bundesrepublik ans\u00e4ssigen Personen geh\u00f6ren, so ist der nach dem vorstehenden Unterabsatz der franz\u00f6sischen Steuer unterliegende Teilbetrag der Gewinnaussch\u00fcttungen entsprechend herabzusetzen.<\/td>\n<td width=\"307\">(1) Les soci\u00e9t\u00e9s r\u00e9sidents de la R\u00e9publique F\u00e9d\u00e9rale qui poss\u00e8dent en France un \u00e9tablissement stable ne sont pas soumises \u00e0 l&rsquo;imp\u00f4t de distribution vis\u00e9 \u00e0 l&rsquo;article 115 quinqui\u00e8s du Code g\u00e9n\u00e9ral des Imp\u00f4ts.<br \/>\nToutefois, la fraction des r\u00e9partitions de b\u00e9n\u00e9fices effectivement passible de la taxe proportionnelle fran\u00e7aise ne peut d\u00e9passer le quart du revenu taxable selon l&rsquo;article 109-2 susvis\u00e9, ledit revenu ne pouvant lui-m\u00eame exc\u00e9der le montant des b\u00e9n\u00e9fices commerciaux r\u00e9alis\u00e9s par l&rsquo;\u00e9tablissement stable fran\u00e7ais, tel que ce montant est retenu pour l&rsquo;assiette de l&rsquo;imp\u00f4t sur les soci\u00e9t\u00e9s dans les conditions pr\u00e9vues par les dispositions de la pr\u00e9sente convention.<br \/>\nSi la soci\u00e9t\u00e9 peut justifier, dans des conditions qui auront re\u00e7u l&rsquo;accord des autorit\u00e9s comp\u00e9tentes des \u00c9tats contractants, que plus des trois quarts de l&rsquo;ensemble de ses actions, de ses parts de fondateur (bons de jouissance) ou de ses parts sociales appartiennent \u00e0 des r\u00e9sidents de la R\u00e9publique F\u00e9d\u00e9rale, la fraction des r\u00e9partitions de b\u00e9n\u00e9fices passible de l&rsquo;imp\u00f4t fran\u00e7ais d&rsquo;apr\u00e8s l&rsquo;alin\u00e9a qui pr\u00e9c\u00e8de, est r\u00e9duite \u00e0 due concurrence.<\/td>\n<\/tr>\n<tr>\n<td width=\"307\">(2) Eine in der Bundesrepublik ans\u00e4ssige Gesellschaft darf in Frankreich wegen ihrer Beteiligung an der Gesch\u00e4ftsf\u00fchrung oder an dem Kapital einer in Frankreich ans\u00e4ssigen Gesellschaft oder wegen irgendeiner anderen Gesch\u00e4ftsbeziehung zu dieser Gesellschaft nicht zur taxe proportionnelle sur le revenu des capitaux mobiliers (Proportionalsteuer f\u00fcr die Eink\u00fcnfte aus beweglichem Kapitalverm\u00f6gen) herangezogen werden.<\/td>\n<td width=\"307\">(2) Une soci\u00e9t\u00e9 r\u00e9sident de la R\u00e9publique F\u00e9d\u00e9rale n&rsquo;est pas soumise en France \u00e0 la taxe proportionnelle sur le revenu des capitaux mobiliers en raison de sa participation dans la gestion ou dans le capital d&rsquo;une soci\u00e9t\u00e9 r\u00e9sident de la France ou \u00e0 cause de tout autre rapport avec cette soci\u00e9t\u00e9.<\/p>\n<p>&nbsp;<\/td>\n<\/tr>\n<tr>\n<td width=\"307\"><strong>Artikel 9<\/strong><\/td>\n<td width=\"307\"><strong>Article 9<\/strong><\/td>\n<\/tr>\n<tr>\n<td width=\"307\">(1) Dividenden, die eine in einem Vertragstaat ans\u00e4ssige Gesellschaft an eine in dem anderen Vertragstaat ans\u00e4ssige Person zahlt, k\u00f6nnen in dem anderen Staat besteuert werden.<\/td>\n<td width=\"307\">(1) Les dividendes pay\u00e9s par une soci\u00e9t\u00e9 qui est un r\u00e9sident d&rsquo;un Etat contractant \u00e0 un r\u00e9sident de l&rsquo;autre Etat contractant sont imposables dans cet autre Etat.<\/p>\n<p>&nbsp;<\/td>\n<\/tr>\n<tr>\n<td width=\"307\">(2) Jeder der Vertragstaaten beh\u00e4lt das Recht, die Steuer von Dividenden nach seinen Rechtsvorschriften im Abzugsweg (an der Quelle) zu erheben. Der Steuerabzug darf jedoch 15 vom Hundert des Bruttobetrages der Dividenden nicht \u00fcbersteigen.<\/td>\n<td width=\"307\">(2) Chacun des \u00c9tats contractants conserve le droit de percevoir l&rsquo;imp\u00f4t sur les dividendes par voie de retenue \u00e0 la source, conform\u00e9ment \u00e0 sa l\u00e9gislation. Toutefois, ce pr\u00e9l\u00e8vement ne peut exc\u00e9der 15 p. 100 du montant brut des dividendes.<\/td>\n<\/tr>\n<tr>\n<td width=\"307\">(3) Dividenden, die eine in Frankreich ans\u00e4ssige Kapitalgesellschaft an eine in der Bundesrepublik ans\u00e4ssige Kapitalgesellschaft zahlt, der mindestens 10 von Hundert des Gesellschaftskapitals der erstgenannten Gesellschaft geh\u00f6ren, k\u00f6nnen abweichend von Absatz 2 in Frankreich nicht besteuert werden.<\/td>\n<td width=\"307\">(3) Par d\u00e9rogation au paragraphe (2), les dividendes pay\u00e9s par une soci\u00e9t\u00e9 de capitaux qui est un r\u00e9sident de France \u00e0 une soci\u00e9t\u00e9 de capitaux qui est un r\u00e9sident de la R\u00e9publique f\u00e9d\u00e9rale et qui d\u00e9tient au moins 10 pour cent du capital social de la premi\u00e8re soci\u00e9t\u00e9 ne peuvent pas \u00eatre impos\u00e9s en France.<\/p>\n<p>&nbsp;<\/td>\n<\/tr>\n<tr>\n<td width=\"307\">(4) Eine in der Bundesrepublik ans\u00e4ssige Person, die von einer in Frankreich ans\u00e4ssigen Gesellschaft Dividenden bezieht, erh\u00e4t die Vorsteuer (pr\u00e9compte) erstattet, sofern diese von der Gesellschaft f\u00fcr diese Dividenden entrichtet worden ist. Der Bruttobetrag der erstatteten Vorsteuer (pr\u00e9compte) gilt f\u00fcr die Zwecke dieses Abkommens als Dividende. Auf ihn finden die Abs\u00e4tze 2 und 2 Anwendung.<\/td>\n<td width=\"307\">(4) Un r\u00e9sident de la R\u00e9publique f\u00e9d\u00e9rale qui re\u00e7oit des dividendes pay\u00e9s par une soci\u00e9t\u00e9 qui est un r\u00e9sident de France obtient le remboursement du pr\u00e9compte dans la mesure o\u00f9 celui-ci a \u00e9t\u00e9 effectivement acquitt\u00e9 par la soci\u00e9t\u00e9 \u00e0 raison de ces dividendes. Le montant brut du pr\u00e9compte rembours\u00e9 est consid\u00e9r\u00e9 comme une dividende pour l&rsquo;application de la pr\u00e9sente Convention. Les dispositions des paragraphes 2 et 3 lui sont applicables.<\/td>\n<\/tr>\n<tr>\n<td width=\"307\">(5) Werden die Dividenden von einer in der Bundesrepublik ans\u00e4ssigen Kapitalgesellschaft an eine in Frankreich ans\u00e4ssige Kapitalgesellschaft gezahlt, der mindestens 10 vom Hundert des Kapitals der erstgenannten Gesellschaft geh\u00f6ren, so darf abweichend von Absatz 2 die in der Bundesrepublik im Abzugsweg (an der Quelle) erhobene Steuer nicht \u00fcbersteigen:<\/td>\n<td width=\"307\">(5) Par d\u00e9rogation au paragraphe (2), lorsque les dividendes sont pay\u00e9s par une soci\u00e9t\u00e9 de capitaux qui est un r\u00e9sident de la R\u00e9publique f\u00e9d\u00e9rale \u00e0 une soci\u00e9t\u00e9 de capitaux qui est un r\u00e9sident de France et qui d\u00e9tient au moins 10 % du capital de la premi\u00e8re soci\u00e9t\u00e9, l&rsquo;imp\u00f4t pr\u00e9lev\u00e9 \u00e0 la source dans la R\u00e9publique f\u00e9d\u00e9rale ne peut exc\u00e9der:<\/td>\n<\/tr>\n<tr>\n<td width=\"307\">\n<ul>\n<li>10 vom Hundert des Bruttobetrags der ab 1. Januar 1990 bis 31. Dezember 1991 gezahlten Dividenden;<\/li>\n<\/ul>\n<\/td>\n<td width=\"307\">\n<ul>\n<li>10 % du montant brut des dividendes mis en paiement \u00e0 compter du 1<sup>er<\/sup> janvier 1990 jusqu&rsquo;au 31 d\u00e9cembre 1991;<\/li>\n<\/ul>\n<\/td>\n<\/tr>\n<tr>\n<td width=\"307\">\n<ul>\n<li>5 vom Hundert des Bruttobetrags der ab 1. Januar 1992 gezahlten Dividenden.<\/li>\n<\/ul>\n<\/td>\n<td width=\"307\">\n<ul>\n<li>5 % du montant brut des dividendes mis en paiement \u00e0 compter du 1<sup>er<\/sup> janvier 1992.<\/li>\n<\/ul>\n<\/td>\n<\/tr>\n<tr>\n<td width=\"307\">(6) Der in diesem Artikel verwendete Ausdruck \u00ab\u00a0Dividenden\u00a0\u00bb bedeutet Eink\u00fcnfte aus Aktien, Genu\u00dfrechten oder Genu\u00dfscheinen, Kuxen, Gr\u00fcnderanteilen oder anderen Rechten &#8211; ausgenommen Forderungen &#8211; mit Gewinnbeteiligung. Ungeachtet der anderen Bestimmungen dieses Abkommens gelten f\u00fcr die Zwecke der Abs\u00e4tze 2 bis 5 auch die folgenden Eink\u00fcnfte als Dividenden:<\/td>\n<td width=\"307\">(6) Le terme \u00ab\u00a0dividendes\u00a0\u00bb employ\u00e9 dans le pr\u00e9sent article d\u00e9signe les revenus provenant d&rsquo;actions, actions ou droits de jouissance, parts de mine, parts de fondateur ou autres parts b\u00e9n\u00e9ficiaires \u00e0 l&rsquo;exception des cr\u00e9ances. Nonobstant toute autre disposition de la pr\u00e9sente Convention, sont \u00e9galement consid\u00e9r\u00e9s comme dividendes aux fins des paragraphes (2) \u00e0 (5)<\/p>\n<p>&nbsp;<\/td>\n<\/tr>\n<tr>\n<td width=\"307\">a) Eink\u00fcnfte, die nach dem Steuerrecht des Vertragsstaats, in dem die aussch\u00fcttende Gesellschaft ans\u00e4ssig ist, wie Aussch\u00fcttungen behandelt werden; und<\/td>\n<td width=\"307\">a) les revenus soumis au r\u00e9gime des distributions par la l\u00e9gislation fiscale de l&rsquo;Etat contractant dont la soci\u00e9t\u00e9 distributrice est un r\u00e9sident; et<\/td>\n<\/tr>\n<tr>\n<td width=\"307\">b) in der Bundesrepublik Deutschland<\/td>\n<td width=\"307\">b) en R\u00e9publique f\u00e9d\u00e9rale:<\/td>\n<\/tr>\n<tr>\n<td width=\"307\">\n<ol>\n<ul>\n<li>Eink\u00fcnfte eines stillen Gesellschafters aus seiner Beteiligung als stiller Gesellschafter,<\/li>\n<\/ul>\n<\/ol>\n<\/td>\n<td width=\"307\">\n<ol>\n<ul>\n<li>les revenus qu&rsquo;un \u00ab\u00a0stiller Gesellschafter\u00a0\u00bb tire de sa participation comme tel,<\/li>\n<\/ul>\n<\/ol>\n<\/td>\n<\/tr>\n<tr>\n<td width=\"307\">\n<ol>\n<ul>\n<li>Eink\u00fcnfte aus partiarischen Darlehen oder Gewinnobligationen und \u00e4hnliche gewinnabh\u00e4ngige Verg\u00fctungen sowie Aussch\u00fcttungen auf Anteilscheine an einem Investmentverm\u00f6gen.<\/li>\n<\/ul>\n<\/ol>\n<\/td>\n<td width=\"307\">\n<ol>\n<ul>\n<li>les revenus provenant de \u00ab\u00a0partiarische Darlehen\u00a0\u00bb, de \u00ab\u00a0Gewinnobligationen\u00a0\u00bb et les r\u00e9mun\u00e9rations similaires li\u00e9es aux b\u00e9n\u00e9fices ainsi que les distributions aff\u00e9rentes \u00e0 des parts dans un fonds d&rsquo;investissement.<\/li>\n<\/ul>\n<\/ol>\n<\/td>\n<\/tr>\n<tr>\n<td width=\"307\">(7) Soweit Frankreich nach den Artikeln 4 und 6 das Recht zur Besteuerung von Gewinnen der in Artikel 4 Absatz (3) erw\u00e4hnten Gesellschaften zusteht, k\u00f6nnen die aus diesen Gewinnen stammenden Eink\u00fcnfte, die die franz\u00f6sischen Gesetzesvorschriften als Dividenden ansehen, nach Absatz (2) dieses Artikels besteuert werden.<\/td>\n<td width=\"307\">(7) Dans la mesure o\u00f9 les dispositions des articles 4 et 6 conf\u00e8rent \u00e0 la France le droit d&rsquo;imposer les b\u00e9n\u00e9fices des soci\u00e9t\u00e9s mentionn\u00e9es au paragraphe (3) de l&rsquo;article 4, les revenus provenant de ces b\u00e9n\u00e9fices, qui sont regard\u00e9s comme des dividendes au sens de la l\u00e9gislation fran\u00e7aise, sont imposables selon les dispositions du paragraphe (2) du pr\u00e9sent article.<\/td>\n<\/tr>\n<tr>\n<td width=\"307\">(8) Die Abs\u00e4tze (1) bis (5) gelten nicht, wenn der Bezugsberechtigte der Dividenden im anderen Vertragstaat eine Betriebst\u00e4tte hat und die Anteile zum Verm\u00f6gen dieser Betriebst\u00e4tte geh\u00f6ren. In diesem Fall ist Artikel 4 anzuwenden.<\/td>\n<td width=\"307\">(8) Les paragraphes (1) \u00e0 (5) ne s&rsquo;appliquent pas quand le b\u00e9n\u00e9ficiaire des dividendes poss\u00e8de un \u00e9tablissement stable dans l&rsquo;autre \u00c9tat contractant et que les participations font partie de l&rsquo;actif de cet \u00e9tablissement. Dans ce cas, l&rsquo;article 4 est applicable.<\/td>\n<\/tr>\n<tr>\n<td width=\"307\">(9) Die unter Absatz 6 fallenden Eink\u00fcnfte aus Rechten oder Anteilen mit Gewinnbeteiligung (einschlie\u00dflich der Genu\u00dfrechte oder Genu\u00dfscheine und im Fall der Bundesrepublik der Eink\u00fcnfte eines stillen Gesellschafters aus seiner Beteiligung als stiller Gesellschafter und der Eink\u00fcnfte aus partiarischen Darlehen und Gewinnobligationen), die bei der Ermittlung des Gewinns des Schuldners abzugsf\u00e4hig sind, k\u00f6nnen in dem Vertragsstaat, aus dem sie stammen, nach dem Recht dieses Staates besteuert werden.<\/td>\n<td width=\"307\">(9) Les revenus vis\u00e9s au paragraphe (6), provenant de droits ou parts b\u00e9n\u00e9ficiaires participant aux b\u00e9n\u00e9fices (y compris les actions ou droits de jouissance et, dans le cas de la R\u00e9publique f\u00e9d\u00e9rale d&rsquo;Allemagne, les revenus qu&rsquo;un \u00ab\u00a0stiller Gesellschafter\u00a0\u00bb tire de sa participation comme tel, ou d&rsquo;un \u00ab\u00a0partiarisches Darlehen\u00a0\u00bb et de \u00ab\u00a0Gewinnobligationen\u00a0\u00bb), qui sont d\u00e9ductibles pour la d\u00e9termination des b\u00e9n\u00e9fices du d\u00e9biteur sont imposables dans l&rsquo;Etat contractant d&rsquo;o\u00f9 ils proviennent, selon la l\u00e9gislation de cet Etat.<\/p>\n<p>&nbsp;<\/td>\n<\/tr>\n<tr>\n<td width=\"307\">(10) Die Abs\u00e4tze 2, 3 und 5 gelten nicht f\u00fcr Dividenden aus Eink\u00fcnften oder Gewinnen, die aus unbeweglichem Verm\u00f6gen im Sinne des Artikels 3 erzielt wurden, wenn sie von einem Investmentverm\u00f6gen gezahlt werden,<\/p>\n<p>&nbsp;<\/td>\n<td width=\"307\">(10) Les dispositions des paragraphes (2), (3) et (5) ne s\u2019appliquent pas aux dividendes vers\u00e9s \u00e0 partir de revenus ou de gains tir\u00e9s de biens immobiliers au sens de l\u2019article 3 par un v\u00e9hicule d\u2019investissement :<\/p>\n<p>&nbsp;<\/td>\n<\/tr>\n<tr>\n<td width=\"307\">a) das diese Eink\u00fcnfte gr\u00f6\u00dftenteils j\u00e4hrlich aussch\u00fcttet und<\/td>\n<td width=\"307\">a) qui distribue la plus grande partie de ces revenus annuellement ; et<\/td>\n<\/tr>\n<tr>\n<td width=\"307\">&nbsp;<\/p>\n<p>b) dessen Eink\u00fcnfte oder Gewinne aus diesem unbeweglichen Verm\u00f6gen von der Steuer befreit sind, soweit der Nutzungsberechtigte dieser Dividenden unmittelbar oder mittelbar \u00fcber mindestens 10 vom Hundert des Kapitals des die Dividenden zahlenden Investmentverm\u00f6gens verf\u00fcgt. In diesem Fall k\u00f6nnen die Dividenden zu dem Satz besteuert werden, den das innerstaatliche Recht des Vertragsstaats, aus dem die Dividenden stammen, vorsieht.<\/td>\n<td width=\"307\">&nbsp;<\/p>\n<p>b) dont les revenus ou les gains tir\u00e9s de ces biens immobiliers sont exon\u00e9r\u00e9s d\u2019imp\u00f4ts ;<\/p>\n<p>lorsque le b\u00e9n\u00e9ficiaire effectif de ces dividendes d\u00e9tient, directement ou indirectement, 10 pour cent ou plus du capital du v\u00e9hicule qui paie les dividendes. Dans ce cas, les dividendes sont imposables au taux pr\u00e9vu par la l\u00e9gislation nationale de l\u2019Etat contractant d\u2019o\u00f9 ils proviennent.<\/td>\n<\/tr>\n<tr>\n<td width=\"307\"><strong>Artikel 10<\/strong><\/td>\n<td width=\"307\"><strong>Article 10<\/strong><\/td>\n<\/tr>\n<tr>\n<td width=\"307\">(1) Zinsen und sonstige Eink\u00fcnfte aus Schuldverschreibungen, Kassenscheinen, Darlehen und Depots oder irgendeiner anderen Forderung k\u00f6nnen ohne R\u00fccksicht darauf, ob sie durch Grundpfandrechte gesichert sind oder nicht, nur in dem Vertragstaate besteuert werden, in dem der Bezugsberechtigte ans\u00e4ssig ist.<\/td>\n<td width=\"307\">(1) Les int\u00e9r\u00eats et autres produits des obligations, bons de caisse, pr\u00eats et d\u00e9p\u00f4ts ou de toutes autres cr\u00e9ances, assortis ou non de garanties hypoth\u00e9caires, ne sont imposables que dans l&rsquo;Etat contractant dont le b\u00e9n\u00e9ficiaire est le r\u00e9sident.<\/p>\n<p>&nbsp;<\/td>\n<\/tr>\n<tr>\n<td width=\"307\">(2) Absatz (1) gilt nicht, wenn der Bezugsberechtigte der Zinsen oder der sonstigen Eink\u00fcnfte im anderen Vertragstaat eine Betriebst\u00e4tte hat und die Forderung zum Verm\u00f6gen dieser Betriebst\u00e4tte geh\u00f6rt. In diesem Fall ist Artikel 4 anzuwenden.<\/td>\n<td width=\"307\">(2) Le paragraphe (1) ne s&rsquo;applique pas quand le b\u00e9n\u00e9ficiaire des int\u00e9r\u00eats ou autres produits poss\u00e8de dans l&rsquo;autre \u00c9tat contractant un \u00e9tablissement stable et que la cr\u00e9ance fait partie de l&rsquo;actif de cet \u00e9tablissement. Dans ce cas, l&rsquo;article 4 est applicable.<\/td>\n<\/tr>\n<tr>\n<td width=\"307\"><strong>Artikel 11<\/strong><\/td>\n<td width=\"307\"><strong>Article 11<\/strong><\/td>\n<\/tr>\n<tr>\n<td width=\"307\">(1) Tantiemen, Anwesenheitsgelder und sonstige Verg\u00fctungen, die Mitglieder des Aufsichtsrates von Aktiengesellschaften oder Kommanditgesellschaften auf Aktien oder Mitglieder \u00e4hnlicher Organe in dieser Eigenschaft erhalten, k\u00f6nnen vorbehaltlich des Absatzes (2) nur in dem Vertragstaate besteuert werden, in dem der Bezugsberechtigte ans\u00e4ssig ist.<\/td>\n<td width=\"307\">(1) Sous r\u00e9serve du paragraphe (2), les tanti\u00e8mes, jetons de pr\u00e9sence et autres allocations attribu\u00e9s aux membres du Conseil d&rsquo;administration ou de surveillance des soci\u00e9t\u00e9s anonymes et des soci\u00e9t\u00e9s en commandite par actions ou aux membres d&rsquo;organes analogues et qui leur sont allou\u00e9s en leur dite qualit\u00e9 ne sont imposables que dans l&rsquo;\u00c9tat contractant dont le b\u00e9n\u00e9ficiaire est le r\u00e9sident.<\/td>\n<\/tr>\n<tr>\n<td width=\"307\">(2) Jeder der Vertragstaaten beh\u00e4lt das Recht, die Steuer von den in Absatz (1) bezeichneten Eink\u00fcnften nach seinen Rechtsvorschriften im Abzugsweg (an der Quelle) zu erheben.<\/td>\n<td width=\"307\">(2) Chacun des \u00c9tats contractants conserve le droit de percevoir l&rsquo;imp\u00f4t sur les revenus vis\u00e9s au paragraphe (1) par voie de retenue \u00e0 la source, conform\u00e9ment \u00e0 sa l\u00e9gislation.<\/td>\n<\/tr>\n<tr>\n<td width=\"307\">(3) Verg\u00fctungen, die die in Absatz (1) bezeichneten Personen in anderer Eigenschaft beziehen, sind je nach Art der Verg\u00fctung nach Artikel 12 oder nach Artikel 13 zu behandeln.<\/td>\n<td width=\"307\">(3) Les r\u00e9mun\u00e9rations que les personnes vis\u00e9es au paragraphe (1) re\u00e7oivent en une autre qualit\u00e9 entrent selon leur nature dans les pr\u00e9visions de l&rsquo;article 12 ou de l&rsquo;article 13.<\/td>\n<\/tr>\n<tr>\n<td width=\"307\"><strong>Artikel 12<\/strong><\/td>\n<td width=\"307\"><strong>Article 12<\/strong><\/td>\n<\/tr>\n<tr>\n<td width=\"307\">(1) Eink\u00fcnfte aus selbst\u00e4ndiger Arbeit und alle \u00fcbrigen Eink\u00fcnfte aus Arbeit, die nicht in den Artikeln 13, 13 b und 14 aufgef\u00fchrt sind, k\u00f6nnen nur in dem Vertragsstaat besteuert werden, in dem die pers\u00f6nliche T\u00e4tigkeit ausge\u00fcbt wird, aus der die Eink\u00fcnfte herr\u00fchren.<\/td>\n<td width=\"307\">(1) Les revenus provenant de l\u2019exercice d\u2019une profession lib\u00e9rale et tous les revenus du travail autres que ceux vis\u00e9s aux articles 13, 13 b et 14 ne sont imposables que dans l&rsquo;Etat contractant o\u00f9 s&rsquo;exerce l&rsquo;activit\u00e9 personnelle, source de ces revenus.<\/td>\n<\/tr>\n<tr>\n<td width=\"307\">(2) Eine freiberufliche T\u00e4tigkeit gilt nur dann als in einem der Vertragstaaten ausge\u00fcbt, wenn der Steuerpflichtige seine T\u00e4tigkeit unter Benutzung einer ihm dort regelm\u00e4\u00dfig zur Verf\u00fcgung stehenden st\u00e4ndigen Einrichtung aus\u00fcbt.<\/td>\n<td width=\"307\">(2) Une profession lib\u00e9rale n&rsquo;est consid\u00e9r\u00e9e comme s&rsquo;exer\u00e7ant dans l&rsquo;un des \u00c9tats contractants que dans le cas o\u00f9 le contribuable y utilise pour cette activit\u00e9 une installation permanente dont il dispose de fa\u00e7on r\u00e9guli\u00e8re.<\/td>\n<\/tr>\n<tr>\n<td width=\"307\">(3) Artikel 4 Absatz (4) gilt sinngem\u00e4\u00df.<\/td>\n<td width=\"307\">(3) L&rsquo;article 4, paragraphe (4) s&rsquo;applique par analogie.<\/td>\n<\/tr>\n<tr>\n<td width=\"307\"><strong>Artikel 13<\/strong><\/td>\n<td width=\"307\"><strong>Article 13<\/strong><\/td>\n<\/tr>\n<tr>\n<td width=\"307\">(1) Eink\u00fcnfte aus nichtselbst\u00e4ndiger Arbeit k\u00f6nnen vorbehaltlich der Vorschriften der nachstehenden Abs\u00e4tze nur in dem Vertragstaate besteuert werden, in dem die pers\u00f6nliche T\u00e4tigkeit, aus der die Eink\u00fcnfte herr\u00fchren, ausge\u00fcbt wird. Als Eink\u00fcnfte aus nichtselbst\u00e4ndiger Arbeit gelten insbesondere Geh\u00e4lter, Besoldungen, L\u00f6hne, Gratifikationen oder sonstige Bez\u00fcge sowie alle \u00e4hnlichen Vorteile, die von anderen als den in Artikel 14 bezeichneten Personen gezahlt oder gew\u00e4hrt werden.<\/td>\n<td width=\"307\">(1) Sous r\u00e9serve des dispositions des paragraphes ci-apr\u00e8s, les revenus provenant d&rsquo;un travail d\u00e9pendant ne sont imposables que dans l&rsquo;\u00c9tat contractant o\u00f9 s&rsquo;exerce l&rsquo;activit\u00e9 personnelle source de ces revenus. Sont consid\u00e9r\u00e9s notamment comme revenus provenant d&rsquo;un travail d\u00e9pendant, les appointements, traitements, salaires, gratifications ou autres \u00e9moluments, ainsi que tous les avantages analogues pay\u00e9s ou allou\u00e9s par des personnes autres que celles vis\u00e9es \u00e0 l&rsquo;article 14.<\/td>\n<\/tr>\n<tr>\n<td width=\"307\">(2) Entgelte f\u00fcr eine T\u00e4tigkeit, die an Bord eines Schiffes oder Luftfahrzeuges im internationalen Verkehr oder an Bord eines der Binnenschiffahrt dienenden Schiffes ausge\u00fcbt wird, k\u00f6nnen nur in dem Vertragstaate besteuert werden, in dem sich der Ort der tats\u00e4chlichen Gesch\u00e4ftsleitung des Unternehmens befindet. Erhebt dieser Staat keine Steuer von diesen Entgelten, so k\u00f6nnen sie in dem Vertragstaate besteuert werden, in dem die Bezugsberechtigten ans\u00e4ssig sind.<\/td>\n<td width=\"307\">(2) Les r\u00e9mun\u00e9rations aff\u00e9rentes \u00e0 une activit\u00e9 exerc\u00e9e \u00e0 bord d&rsquo;un navire ou d&rsquo;un a\u00e9ronef en trafic international, ou \u00e0 bord d&rsquo;un bateau servant \u00e0 la navigation int\u00e9rieure, ne sont imposables que dans l&rsquo;\u00c9tat contractant o\u00f9 se trouve le si\u00e8ge de la direction effective de l&rsquo;entreprise. Si cet \u00c9tat ne per\u00e7oit pas d&rsquo;imp\u00f4t sur lesdites r\u00e9mun\u00e9rations, celles-ci sont imposables dans l&rsquo;\u00c9tat contractant dont les b\u00e9n\u00e9ficiaires sont les r\u00e9sidents.<\/td>\n<\/tr>\n<tr>\n<td width=\"307\">(3) Absatz (1) gilt nicht f\u00fcr die in einem der Vertragstaaten ans\u00e4ssigen Studenten, die gegen Entgelt bei einem Unternehmen des anderen Vertragstaates nicht l\u00e4nger als 183 Tage in einem Kalenderjahr besch\u00e4ftigt werden, um die notwendige praktische Ausbildung zu erhalten. Die Eink\u00fcnfte aus dieser T\u00e4tigkeit k\u00f6nnen nur in dem Staate besteuert werden, in dem der Student ans\u00e4ssig ist.<\/td>\n<td width=\"307\">(3) Le paragraphe (1) ne s&rsquo;applique pas aux \u00e9tudiants r\u00e9sidents de l&rsquo;un des \u00c9tats contractants qui sont occup\u00e9s \u00e0 titre on\u00e9reux par une entreprise de l&rsquo;autre \u00c9tat contractant au maximum 183 jours dans le courant d&rsquo;une ann\u00e9e civile afin d&rsquo;acqu\u00e9rir la formation pratique n\u00e9cessaire. Les revenus provenant d&rsquo;une telle activit\u00e9 ne sont imposables que dans l&rsquo;\u00c9tat dont l&rsquo;\u00e9tudiant est le r\u00e9sident.<\/td>\n<\/tr>\n<tr>\n<td width=\"307\">(4) Ungeachtet des Absatzes 1 k\u00f6nnen Verg\u00fctungen, die eine in einem Vertragsstaat ans\u00e4ssige Person f\u00fcr eine im anderen Vertragsstaat ausge\u00fcbte unselbst\u00e4ndige Arbeit bezieht, nur im erstgenannten Staat besteuert werden, wenn<\/td>\n<td width=\"307\">(4) Nonobstant les dispositions du paragraphe (1), les r\u00e9mun\u00e9rations qu&rsquo;un r\u00e9sident d&rsquo;un Etat contractant re\u00e7oit au titre d&rsquo;un emploi salari\u00e9 exerc\u00e9 dans l&rsquo;autre Etat contractant ne sont imposables que dans le premier Etat si:<\/td>\n<\/tr>\n<tr>\n<td width=\"307\">\n<ol>\n<li>der Empf\u00e4nger sich im anderen Staat insgesamt nicht l\u00e4nger als 183 Tage w\u00e4hrend des betreffenden Steuerjahrs aufh\u00e4lt und<\/li>\n<\/ol>\n<\/td>\n<td width=\"307\">\n<ol>\n<li>le b\u00e9n\u00e9ficiaire s\u00e9journe dans l&rsquo;autre Etat pendant une p\u00e9riode ou des p\u00e9riodes n&rsquo;exc\u00e9dant pas au total 183 jours au cours de l&rsquo;ann\u00e9e fiscale consid\u00e9r\u00e9e, et<\/li>\n<\/ol>\n<\/td>\n<\/tr>\n<tr>\n<td width=\"307\">\n<ol>\n<li>die Verg\u00fctungen von einem Arbeitgeber oder f\u00fcr einen Arbeitgeber gezahlt werden, der nicht im anderen Staat ans\u00e4ssig ist, und<\/li>\n<\/ol>\n<\/td>\n<td width=\"307\">\n<ol>\n<li>les r\u00e9mun\u00e9rations sont pay\u00e9es par un employeur ou pour le compte d&rsquo;un employeur qui n&rsquo;est pas un r\u00e9sident de l&rsquo;autre Etat, et<\/li>\n<\/ol>\n<\/td>\n<\/tr>\n<tr>\n<td width=\"307\">\n<ol>\n<li>die Verg\u00fctungen nicht von einer Betriebst\u00e4tte oder einer festen Einrichtung getragen werden, die der Arbeitgeber im anderen Staat hat.<\/li>\n<\/ol>\n<\/td>\n<td width=\"307\">\n<ol>\n<li>la charge des r\u00e9mun\u00e9rations n&rsquo;est pas support\u00e9e par un \u00e9tablissement stable ou une installation permanente que l&#8217;employeur a dans l&rsquo;autre Etat.<\/li>\n<\/ol>\n<\/td>\n<\/tr>\n<tr>\n<td width=\"307\">(5)<\/td>\n<td width=\"307\">(5)<\/td>\n<\/tr>\n<tr>\n<td width=\"307\">a) Ungeachtet der Abs\u00e4tze 1, 3 und 4 k\u00f6nnen Eink\u00fcnfte aus nichtselbst\u00e4ndiger Arbeit von Personen, die im Grenzgebiet eines Vertragsstaats arbeiten und ihre st\u00e4ndige Wohnst\u00e4tte, zu der sie in der Regel jeden Tag zur\u00fcckkehren, im Grenzgebiet des anderen Vertragsstaats haben (\u201eGrenzg\u00e4nger\u201c), nur in diesem anderen Staat besteuert werden.<\/td>\n<td width=\"307\">a) Nonobstant les paragraphes (1), (3) et (4), les revenus provenant du travail d\u00e9pendant de personnes qui travaillent dans la zone frontali\u00e8re d&rsquo;un Etat contractant et qui ont leur foyer d&rsquo;habitation permanent dans la zone frontali\u00e8re de l&rsquo;autre Etat contractant o\u00f9 elles rentrent normalement chaque jour (travailleurs frontaliers) ne sont imposables que dans cet autre Etat ;<\/td>\n<\/tr>\n<tr>\n<td width=\"307\">&nbsp;<\/p>\n<p>b) das Grenzgebiet jedes Vertragsstaats umfa\u00dft die Gemeinden, deren Gebiet ganz oder teilweise h\u00f6chstens 20 km von der Grenze entfernt liegt;<\/td>\n<td width=\"307\">b) la zone frontali\u00e8re de chaque Etat contractant comprend les communes dont tout ou partie du territoire est situ\u00e9 \u00e0 une distance de la fronti\u00e8re n&rsquo;exc\u00e9dant pas 20 km;<\/td>\n<\/tr>\n<tr>\n<td width=\"307\">c) die Regelung nach Buchstabe a gilt auch f\u00fcr alle Personen, die ihre st\u00e4ndige Wohnst\u00e4tte in den franz\u00f6sischen Grenzdepartements haben und in deutschen Gemeinden arbeiten, deren Gebiet ganz oder teilweise h\u00f6chstens 30 km von der Grenze entfernt liegt.<\/td>\n<td width=\"307\">c) le r\u00e9gime pr\u00e9vu au a) est \u00e9galement applicable \u00e0 l&rsquo;ensemble des personnes qui ont leur foyer d&rsquo;habitation permanent dans les d\u00e9partements fran\u00e7ais limitrophes de la fronti\u00e8re et qui travaillent dans les communes allemandes dont tout ou partie du territoire est situ\u00e9 \u00e0 une distance de la fronti\u00e8re n&rsquo;exc\u00e9dant pas 30 km.<\/td>\n<\/tr>\n<tr>\n<td width=\"307\">(6) Ungeachtet der Abs\u00e4tze 1 bis 4 k\u00f6nnen Verg\u00fctungen, die ein in einem Vertragsstaat ans\u00e4ssiger Arbeitnehmer auf Grund einer unselbst\u00e4ndigen Arbeit erh\u00e4lt, die er im anderen Vertragsstaat im Rahmen eines Vertrags mit einem Arbeitnehmerverleiher aus\u00fcbt, im anderen Staat besteuert werden. Diese Verg\u00fctungen k\u00f6nnen auch in dem Staat besteuert werden, in dem der Arbeitnehmer ans\u00e4ssig ist. Die Vertragsstaaten k\u00f6nnen die Zahlung der auf diese Verg\u00fctungen entfallenden Steuer nach Ma\u00dfgabe ihres innerstaatlichen Rechts vom Verleiher oder vom Entleiher verlangen oder sie daf\u00fcr haftbar machen.<\/td>\n<td width=\"307\">(6) Nonobstant les dispositions des paragraphes (1) \u00e0 (4), les r\u00e9mun\u00e9rations qu&rsquo;un salari\u00e9 r\u00e9sident d&rsquo;un Etat contractant re\u00e7oit au titre d&rsquo;un emploi salari\u00e9 exerc\u00e9 dans l&rsquo;autre Etat contractant dans le cadre d&rsquo;un contrat qu&rsquo;il a conclu avec un professionnel du travail int\u00e9rimaire sont imposables dans cet autre Etat. Ces r\u00e9mun\u00e9rations sont aussi imposables dans l&rsquo;Etat dont le salari\u00e9 est un r\u00e9sident. Selon leur droit interne, les Etats contractants peuvent exiger du loueur ou du preneur le paiement de l&rsquo;imp\u00f4t applicable \u00e0 ces r\u00e9mun\u00e9rations ou les en tenir responsables.<\/td>\n<\/tr>\n<tr>\n<td width=\"307\">(7) Im Sinne dieses Artikels umfa\u00dft der Ausdruck \u00ab\u00a0unselbst\u00e4ndige Arbeit\u00a0\u00bb insbesondere die in einer der K\u00f6rperschaftsteuer unterliegenden Gesellschaft ausge\u00fcbten Leitungs- und Gesch\u00e4ftsf\u00fchrungsaufgaben.<\/td>\n<td width=\"307\">(7) Au sens du pr\u00e9sent article, l&rsquo;expression \u00ab\u00a0travail d\u00e9pendant\u00a0\u00bb inclut notamment les fonctions de direction ou de g\u00e9rance exerc\u00e9es dans une soci\u00e9t\u00e9 soumise \u00e0 l&rsquo;imp\u00f4t sur les soci\u00e9t\u00e9s.<\/p>\n<p>&nbsp;<\/td>\n<\/tr>\n<tr>\n<td width=\"307\">(8) Ruhegeh\u00e4lter, Renten (einschlie\u00dflich Bez\u00fcgen aus der gesetzlichen Sozialversicherung) und \u00e4hnliche Verg\u00fctungen k\u00f6nnen nur in dem Staat besteuert werden, in dem der Beg\u00fcnstigte ans\u00e4ssig ist.<\/td>\n<td width=\"307\">(8) Les pensions, les rentes (y compris les sommes vers\u00e9es au titre des assurances sociales l\u00e9gales) et les autres r\u00e9mun\u00e9rations similaires ne sont imposables que dans l\u2019Etat dont le b\u00e9n\u00e9ficiaire est un r\u00e9sident.<\/td>\n<\/tr>\n<tr>\n<td width=\"307\"><strong>Artikel 13a<\/strong><\/td>\n<td width=\"307\"><strong>Article 13a<\/strong><\/td>\n<\/tr>\n<tr>\n<td width=\"307\">(1) Der nach Artikel 13 Absatz 5 zur Besteuerung der Verg\u00fctungen berechtigte Staat zahlt dem Staat, in dem die nichtselbst\u00e4ndige Arbeit ausge\u00fcbt wird, eine Entsch\u00e4digung in H\u00f6he eines Teils der aufgrund der Sitzlandbesteuerung der Grenzg\u00e4nger erhobenen Steuer vom Einkommen aus dieser nichtselbst\u00e4ndigen Arbeit. Diese Entsch\u00e4digung wird auf 1,5 vom Hundert der gesamten Bruttojahresverg\u00fctungen der Grenzg\u00e4nger festgelegt.<\/p>\n<p>&nbsp;<\/td>\n<td width=\"307\">(1) L\u2019Etat qui dispose du droit d\u2019imposer les r\u00e9mun\u00e9rations conform\u00e9ment au paragraphe (5) de l\u2019article 13 de la Convention paie \u00e0 l\u2019Etat dans lequel le travail d\u00e9pendant est exerc\u00e9 une compensation correspondant \u00e0 une fraction de l\u2019imp\u00f4t sur le revenu provenant de ce travail d\u00e9pendant recouvr\u00e9 lors de l\u2019imposition des travailleurs frontaliers dans leur Etat de r\u00e9sidence. Cette compensation est fix\u00e9e \u00e0 1,5 pour cent de la masse totale des r\u00e9mun\u00e9rations brutes annuelles des travailleurs frontaliers.<\/td>\n<\/tr>\n<tr>\n<td width=\"307\">(2) Der Ausdruck \u201eBruttojahresverg\u00fctungen\u201c im Sinne des Absatzes 1 bedeutet alle Einnahmen in bar oder in Sachleistungen aus einer vollst\u00e4ndig oder teilweise f\u00fcr eine andere Person ausge\u00fcbten T\u00e4tigkeit, einschlie\u00dflich gesetzlicher oder vereinbarter Bez\u00fcge, zum Beispiel Kindergeld von einem Arbeitgeber oder einer Familienkasse, Zahlungen f\u00fcr Krankenversicherung. Abz\u00fcge jeglicher Art, wie zum Beispiel Pflichtversicherungsbeitr\u00e4ge oder freiwillige Versicherungsbeitr\u00e4ge, sind nicht zu ber\u00fccksichtigen. Vom Arbeitgeber gezahlte Erstattungen f\u00fcr Aufwendungen, die zur Arbeitsaus\u00fcbung get\u00e4tigt wurden, flie\u00dfen nicht in die Bruttoverg\u00fctung ein.<\/td>\n<td width=\"307\">(2) L\u2019expression \u00ab r\u00e9mun\u00e9rations brutes annuelles \u00bb mentionn\u00e9e au paragraphe (1) d\u00e9signe tous revenus en num\u00e9raire ou autre, tir\u00e9s d\u2019une activit\u00e9 enti\u00e8rement ou partiellement exerc\u00e9e pour le compte d\u2019autrui, y compris les allocations l\u00e9gales ou conventionnelles, par exemple les allocations familiales vers\u00e9es par l\u2019employeur ou une caisse d\u2019allocations familiales, ou les prestations d\u2019assurance maladie. Aucune d\u00e9duction d\u2019aucune sorte, telle que les cotisations aux assurances obligatoires ou facultatives n\u2019est prise en compte. Les sommes pay\u00e9es par l\u2019employeur au titre du remboursement des frais engag\u00e9s pour l\u2019exercice de l\u2019activit\u00e9 ne sont pas incluses dans les r\u00e9mun\u00e9rations brutes.<\/td>\n<\/tr>\n<tr>\n<td width=\"307\">(3) Bei in der Bundesrepublik t\u00e4tigen Grenzg\u00e4ngern im Sinne des Artikels 13 Absatz 5 Buchstabe a werden die gesamten Gehaltsbez\u00fcge aus den Bruttojahresverg\u00fctungen von Grenzg\u00e4ngern anhand der j\u00e4hrlichen Gehaltsaufstellungen ermittelt, die die Arbeitgeber am Ende eines jeden Kalenderjahres den deutschen Steuerbeh\u00f6rden \u00fcbermitteln m\u00fcssen.<\/td>\n<td width=\"307\">(3) S\u2019agissant des travailleurs frontaliers mentionn\u00e9s \u00e0 l\u2019alin\u00e9a a) du paragraphe (5) de l\u2019article 13 de la Convention travaillant en R\u00e9publique f\u00e9d\u00e9rale, la masse salariale totale des r\u00e9mun\u00e9rations brutes annuelles des travailleurs frontaliers est d\u00e9termin\u00e9e \u00e0 partir des d\u00e9clarations annuelles de salaires que les employeurs sont tenus de d\u00e9poser \u00e0 la fin de chaque ann\u00e9e civile aupr\u00e8s des autorit\u00e9s fiscales allemandes.<\/td>\n<\/tr>\n<tr>\n<td width=\"307\">(4) Bei in Frankreich t\u00e4tigen Grenzg\u00e4ngern im Sinne des Artikels 13 Absatz 5 Buchstabe a werden die gesamten Gehaltsbez\u00fcge aus den Bruttojahresverg\u00fctungen von Grenzg\u00e4ngern anhand der j\u00e4hrlichen Gehaltsaufstellungen ermittelt, die die Arbeitgeber am Ende eines jeden Kalenderjahres den franz\u00f6sischen Steuerbeh\u00f6rden \u00fcbermitteln m\u00fcssen.<\/td>\n<td width=\"307\">(4) S\u2019agissant des travailleurs frontaliers mentionn\u00e9s \u00e0 l\u2019alin\u00e9a a) du paragraphe (5) de l\u2019article 13 de la Convention travaillant en France, la masse salariale totale des r\u00e9mun\u00e9rations brutes annuelles des travailleurs frontaliers est d\u00e9termin\u00e9e \u00e0 partir des d\u00e9clarations annuelles de salaires que les employeurs sont tenus de d\u00e9poser \u00e0 la fin de chaque ann\u00e9e civile aupr\u00e8s des autorit\u00e9s fiscales fran\u00e7aises.<\/td>\n<\/tr>\n<tr>\n<td width=\"307\">(5) Die nach den Abs\u00e4tzen 3 und 4 ermittelten Betr\u00e4ge sind sp\u00e4testens am 30. April des Folgejahres von der jeweiligen zust\u00e4ndigen Steuerbeh\u00f6rde beider Staaten an die zust\u00e4ndige Steuerbeh\u00f6rde des anderen Staates zu \u00fcbersenden. Beide Staaten zahlen die Entsch\u00e4digung sp\u00e4testens am 30. Juni desselben Jahres.<\/td>\n<td width=\"307\">(5) Les montants d\u00e9termin\u00e9s aux paragraphes (3) et (4) doivent \u00eatre transmis par l\u2019autorit\u00e9 comp\u00e9tente de chaque Etat \u00e0 celle de l\u2019autre Etat au plus tard le 30 avril de l\u2019ann\u00e9e suivant celle de leur r\u00e9alisation. Chacun des Etats paie la compensation le 30 juin de la m\u00eame ann\u00e9e au plus tard.<\/p>\n<p>&nbsp;<\/td>\n<\/tr>\n<tr>\n<td width=\"307\">(6) Die zust\u00e4ndigen Beh\u00f6rden ergreifen in gegenseitigem Einvernehmen die zur Anwendung dieses Artikels erforderlichen Verwaltungsma\u00dfnahmen. Sie halten alle f\u00fcnf Jahre ein Treffen ab, um zu \u00fcberpr\u00fcfen, ob der in Absatz 1 genannte Anteil nach wie vor eine Entsch\u00e4digung von maximal 44 vom Hundert der Steuer auf die in Absatz 1 genannten gesamten Bruttojahresverg\u00fctungen der Grenzg\u00e4nger ergibt. Ist dies nicht der Fall, wird der in Absatz 1 genannte Anteil entsprechend angepasst werden.<\/td>\n<td width=\"307\">(6) Les autorit\u00e9s comp\u00e9tentes arr\u00eatent d\u2019un commun accord les mesures administratives n\u00e9cessaires pour l\u2019application des dispositions du pr\u00e9sent article. Elles se rencontreront tous les 5 ans afin de v\u00e9rifier que le pourcentage mentionn\u00e9 au paragraphe (1) ne se traduit pas par une compensation sup\u00e9rieure \u00e0 44 pour cent de l\u2019imp\u00f4t recouvr\u00e9 sur la masse totale des r\u00e9mun\u00e9rations brutes annuelles des travailleurs frontaliers vis\u00e9e au paragraphe (1). Dans le cas contraire, elles ajusteront le pourcentage mentionn\u00e9 au paragraphe (1) en cons\u00e9quence.<\/td>\n<\/tr>\n<tr>\n<td width=\"307\"><strong>Artikel 13b<\/strong><\/td>\n<td width=\"307\"><strong>Article 13b<\/strong><\/td>\n<\/tr>\n<tr>\n<td width=\"307\">(1) Eink\u00fcnfte, die eine in einem Vertragsstaat ans\u00e4ssige Person als K\u00fcnstler (wie B\u00fchnen-, Film-, Rundfunk- und Fernsehk\u00fcnstler sowie Musiker), Sportler oder Model aus ihrer im anderen Vertragsstaat pers\u00f6nlich ausge\u00fcbten T\u00e4tigkeit bezieht, k\u00f6nnen ungeachtet der Artikel 4, 12 und 13 im anderen Staat besteuert werden. Eink\u00fcnfte eines in einem Vertragsstaat ans\u00e4ssigen und ehemals im anderen Vertragsstaat ans\u00e4ssigen K\u00fcnstlers, Sportlers oder Models, die von einer im anderen Staat ans\u00e4ssigen Person f\u00fcr die Benutzung oder das Recht auf Benutzung seines Namens, seines Bildes oder sonstiger Pers\u00f6nlichkeitsrechte gezahlt werden, k\u00f6nnen ungeachtet des Artikels 15 im anderen Staat besteuert werden.<\/td>\n<td width=\"307\">(1) Nonobstant les dispositions des articles 4, 12 et 13, les revenus qu&rsquo;un r\u00e9sident d&rsquo;un Etat contractant tire de ses activit\u00e9s personnelles exerc\u00e9es dans l&rsquo;autre Etat contractant en tant qu&rsquo;artiste du spectacle (tel qu&rsquo;un artiste de th\u00e9\u00e2tre, de cin\u00e9ma, de la radio ou de la t\u00e9l\u00e9vision, ou qu&rsquo;un musicien), ou en tant que sportif ou mannequin, sont imposables dans cet autre Etat.<\/p>\n<p>Nonobstant les dispositions de l\u2019article 15, lorsqu\u2019un artiste du spectacle, un sportif ou un mannequin, r\u00e9sident d\u2019un Etat contractant et ant\u00e9rieurement r\u00e9sident de l\u2019autre Etat contractant, tire des revenus d\u2019un r\u00e9sident de l\u2019autre Etat contractant au titre de l\u2019usage ou<\/p>\n<p>du droit d\u2019usage de son nom, de son image ou d\u2019autres attributs de la personnalit\u00e9, ces revenus sont imposables dans cet autre Etat.<\/td>\n<\/tr>\n<tr>\n<td width=\"307\">(2) Flie\u00dfen Eink\u00fcnfte im Sinne des Absatzes 1 nicht dem K\u00fcnstler, Sportler oder Model selbst, sondern einer anderen, auch au\u00dferhalb der Vertragsstaaten ans\u00e4ssigen Person zu, so k\u00f6nnen diese Eink\u00fcnfte ungeachtet der Artikel 4, 12 und 13 in dem Vertragsstaat besteuert werden, aus dem die in Absatz 1 Satz 2 genannten Eink\u00fcnfte bezogen werden oder in dem der K\u00fcnstler, der Sportler oder das Model seine T\u00e4tigkeit aus\u00fcbt.<\/td>\n<td width=\"307\">(2) Lorsque les revenus mentionn\u00e9s au paragraphe (1) sont attribu\u00e9s non pas \u00e0 l\u2019artiste du spectacle, au sportif ou au mannequin lui-m\u00eame mais \u00e0 une autre personne, r\u00e9sident ou non d\u2019un Etat contractant, ces revenus sont, nonobstant les dispositions des articles 4, 12 et 13, imposables dans l\u2019Etat contractant dont les revenus mentionn\u00e9s dans la seconde phrase du paragraphe (1) sont tir\u00e9s ou dans lequel les activit\u00e9s d\u2019artiste du spectacle, de sportif ou de mannequin sont exerc\u00e9es.<\/td>\n<\/tr>\n<tr>\n<td width=\"307\">(3) Die Abs\u00e4tze 1 und 2 dieses Artikels gelten nicht f\u00fcr Eink\u00fcnfte aus der von K\u00fcnstlern oder Sportlern in einem Vertragsstaat ausge\u00fcbten T\u00e4tigkeit, wenn der Aufenthalt in diesem Staat ganz oder \u00fcberwiegend aus \u00f6ffentlichen Kassen des anderen Vertragsstaats, eines seiner L\u00e4nder oder einer ihrer Gebietsk\u00f6rperschaften unterst\u00fctzt wird. In diesem Fall k\u00f6nnen die Eink\u00fcnfte nur in dem Vertragsstaat besteuert werden, in dem der K\u00fcnstler oder Sportler ans\u00e4ssig ist.<\/td>\n<td width=\"307\">(3) Les dispositions des paragraphes (1) et (2) du pr\u00e9sent article ne s\u2019appliquent pas aux revenus tir\u00e9s d\u2019activit\u00e9s exerc\u00e9es dans un Etat contractant par des artistes ou des sportifs si le s\u00e9jour dans cet Etat est enti\u00e8rement ou principalement financ\u00e9 par des fonds publics de l\u2019autre Etat, de ses subdivisions politiques, ou de ses collectivit\u00e9s territoriales. Dans ce cas, les revenus ne sont imposables que dans l\u2019Etat contractant dont l\u2019artiste ou le sportif est r\u00e9sident.<\/td>\n<\/tr>\n<tr>\n<td width=\"307\"><strong>Artikel 13c<\/strong><\/td>\n<td width=\"307\"><strong>Article 13c<\/strong><\/td>\n<\/tr>\n<tr>\n<td width=\"307\">(1) Der nach Artikel 13 Absatz 8 zur Besteuerung der Bez\u00fcge aus der gesetzlichen Sozialversicherung berechtigte Vertragsstaat schuldet dem Vertragsstaat, aus dem die Bez\u00fcge stammen, eine Entsch\u00e4digung in H\u00f6he der Steuer, die der Staat, aus dem die Bez\u00fcge stammen, nach seinen steuerlichen Vorschriften h\u00e4tte erheben d\u00fcrfen.<\/td>\n<td width=\"307\">(1) L\u2019Etat qui dispose du droit d\u2019imposer les sommes vers\u00e9es au titre des assurances sociales l\u00e9gales conform\u00e9ment au paragraphe (8) de l\u2019article 13 de la Convention paie \u00e0 l\u2019Etat d\u2019o\u00f9 proviennent les sommes une compensation correspondant \u00e0 l\u2019imp\u00f4t que cet Etat pourrait pr\u00e9lever en vertu de sa l\u00e9gislation fiscale.<\/td>\n<\/tr>\n<tr>\n<td width=\"307\">(2) Der Differenzbetrag der gem\u00e4\u00df Absatz 1 festgesetzten Entsch\u00e4digungen wird am oder vor dem 30. Juni des Jahres, das auf das Jahr folgt, f\u00fcr das die Entsch\u00e4digung festgesetzt wurde, von dem Vertragsstaat gezahlt, der dem anderen Vertragsstaat die h\u00f6here Entsch\u00e4digung schuldet. Die Zahlungen sind erstmals f\u00fcr das Jahr f\u00e4llig, in dem Artikel VI des Zusatzabkommens vom 31. M\u00e4rz 2015 nach seinem Artikel XVIII Absatz 2 anzuwenden ist.<\/td>\n<td width=\"307\">(2) Le solde des montants de compensation d\u00e9termin\u00e9 conform\u00e9ment aux dispositions du paragraphe (1) est pay\u00e9 par l\u2019Etat contractant qui doit le montant le plus \u00e9lev\u00e9 \u00e0 l\u2019autre Etat contractant au plus tard le 30 juin de l\u2019ann\u00e9e suivant l\u2019ann\u00e9e au titre de laquelle la compensation a \u00e9t\u00e9 d\u00e9termin\u00e9e. Les paiements sont dus \u00e0 compter de l\u2019ann\u00e9e au titre de laquelle les dispositions de l\u2019article VI de l\u2019Avenant du 31 mars 2015 prennent effet conform\u00e9ment au paragraphe (2) de l\u2019article XVIII de cet Avenant.<\/td>\n<\/tr>\n<tr>\n<td width=\"307\">(3) Die zust\u00e4ndigen Beh\u00f6rden der Vertragsstaaten ergreifen in gegenseitigem Einvernehmen die zur Anwendung dieses Artikels erforderlichen Verwaltungsma\u00dfnahmen.<\/td>\n<td width=\"307\">(3) Les autorit\u00e9s comp\u00e9tentes des Etats contractants prennent d\u2019un commun accord les mesures administratives n\u00e9cessaires \u00e0 l\u2019application des dispositions du pr\u00e9sent article.<\/p>\n<p>&nbsp;<\/td>\n<\/tr>\n<tr>\n<td width=\"307\"><strong>Artikel 14<\/strong><\/td>\n<td width=\"307\"><strong>Article 14<\/strong><\/td>\n<\/tr>\n<tr>\n<td width=\"307\">(1) Geh\u00e4lter, L\u00f6hne und \u00e4hnliche Verg\u00fctungen sowie Ruhegeh\u00e4lter, die einer der Vertragsstaaten, ein Land, eine Gebietsk\u00f6rperschaft oder eine juristische Person des \u00f6ffentlichen Rechts dieses Staates, dieses Landes oder dieser Gebietsk\u00f6rperschaft an in dem anderen Staat ans\u00e4ssige nat\u00fcrliche Personen f\u00fcr gegenw\u00e4rtige oder fr\u00fchere Dienstleistungen in der Verwaltung oder in den Streitkr\u00e4ften zahlt, k\u00f6nnen nur in dem erstgenannten Staat besteuert werden. Dies gilt jedoch nicht, wenn die Verg\u00fctungen an Personen gezahlt werden, die die Staatsangeh\u00f6rigkeit des anderen Staates besitzen, ohne zugleich Staatsangeh\u00f6rige des erstgenannten Staates zu sein; in diesem Fall k\u00f6nnen die Verg\u00fctungen nur von dem Staat besteuert werden, in dem diese Personen ans\u00e4ssig sind.<\/td>\n<td width=\"307\">(1) (1) Les traitements, salaires et r\u00e9mun\u00e9rations analogues, ainsi que les pensions de retraite vers\u00e9s par un des Etats contractants, un Land, une collectivit\u00e9 territoriale ou par une personne morale de droit public de cet Etat, de ce Land ou de cette collectivit\u00e9 territoriale \u00e0 des personnes physiques r\u00e9sidents de l&rsquo;autre Etat en consid\u00e9ration de services administratifs ou militaires actuels ou ant\u00e9rieurs, ne sont imposables que dans le premier Etat. Toutefois, cette disposition n\u2019est pas applicable lorsque les r\u00e9mun\u00e9rations sont vers\u00e9es \u00e0 des personnes poss\u00e9dant la nationalit\u00e9 de l&rsquo;autre Etat sans \u00eatre en m\u00eame temps ressortissantes du premier Etat ; dans ce cas, les r\u00e9mun\u00e9rations ne sont imposables que dans l&rsquo;Etat dont ces personnes sont les r\u00e9sidents.<\/td>\n<\/tr>\n<tr>\n<td width=\"307\">(2) Absatz 1 Satz 1 gilt auch f\u00fcr Pensionen, Leibrenten und andere wiederkehrende oder einmalige Bez\u00fcge, die von einem der Vertragsstaaten, einem Land, einer Gebietsk\u00f6rperschaft oder einer juristischen Person des \u00f6ffentlichen Rechts dieses Staates, dieses Landes oder dieser Gebietsk\u00f6rperschaft als Verg\u00fctung f\u00fcr einen Schaden gezahlt werden, der als Folge von Kriegshandlungen oder politischer Verfolgung entstanden ist.<\/td>\n<td width=\"307\">(2) Les dispositions de la premi\u00e8re phrase du paragraphe (1) sont \u00e9galement applicables aux pensions, rentes viag\u00e8res et autres prestations, p\u00e9riodiques ou non, vers\u00e9es par l&rsquo;un des Etats contractants, un Land, une collectivit\u00e9 territoriale ou une personne morale de droit public de cet Etat, de ce Land ou de cette collectivit\u00e9 territoriale en raison de dommages subis du fait d\u2019hostilit\u00e9s ou de pers\u00e9cutions politiques.<\/td>\n<\/tr>\n<tr>\n<td width=\"307\">(3) Absatz 1 gilt nicht f\u00fcr Zahlungen f\u00fcr Dienstleistungen, die im Zusammenhang mit einer auf Gewinnerzielung gerichteten gewerblichen T\u00e4tigkeit eines der beiden Vertragsstaaten, eines Landes, einer Gebietsk\u00f6rperschaft oder einer juristischen Person des \u00f6ffentlichen Rechts dieses Staates, dieses Landes oder dieser Gebietsk\u00f6rperschaft stehen. Einrichtungen wie \u00f6ffentliche Krankenh\u00e4user, Kinderg\u00e4rten, Schulen und Universit\u00e4ten \u00fcben keine auf Gewinnerzielung gerichtete gewerbliche T\u00e4tigkeit im Sinne des vorstehenden Satzes aus.<\/td>\n<td width=\"307\">(3) Les dispositions du paragraphe (1) ne sont pas applicables aux r\u00e9mun\u00e9rations vers\u00e9es au titre de services rendus \u00e0 l&rsquo;occasion d&rsquo;une activit\u00e9 commerciale ou industrielle exerc\u00e9e, \u00e0 des fins lucratives, par l&rsquo;un des deux Etats contractants, un Land, une collectivit\u00e9 territoriale ou une personne morale de droit public de cet Etat, de ce Land ou de cette<\/p>\n<p>collectivit\u00e9 territoriale. Pour l\u2019application de la phrase pr\u00e9c\u00e9dente, les services rendus par les h\u00f4pitaux, les jardins d\u2019enfants, les \u00e9coles et les universit\u00e9s publics ne sont pas consid\u00e9r\u00e9s comme une activit\u00e9 commerciale ou industrielle exerc\u00e9e \u00e0 des fins lucratives.<\/td>\n<\/tr>\n<tr>\n<td width=\"307\"><strong>Artikel 15<\/strong><\/td>\n<td width=\"307\"><strong>Article 15<\/strong><\/td>\n<\/tr>\n<tr>\n<td width=\"307\">(1) Lizenzgeb\u00fchren und andere Verg\u00fctungen f\u00fcr die Benutzung oder das Recht auf Benutzung von Urheberrechten an literarischen, k\u00fcnstlerischen oder wissenschaftlichen Werken einschlie\u00dflich kinematographischer Filme, von Patenten, Markenrechten, Gebrauchsmustern, Pl\u00e4nen, geheimen Verfahren und Formeln oder \u00e4hnlichen G\u00fctern oder Rechten werden nur in dem Vertragstaate besteuert, in dem der Bezugsberechtigte ans\u00e4ssig ist.<\/td>\n<td width=\"307\">(1) Les redevances et autres r\u00e9mun\u00e9rations pour l&rsquo;usage ou le droit \u00e0 l&rsquo;usage de droits d&rsquo;auteur sur des \u0153uvres litt\u00e9raires, artistiques ou scientifiques, y compris les films cin\u00e9matographiques, de brevets, de marques de fabrique ou de commerce, de dessins ou de mod\u00e8les, de plans, de proc\u00e9d\u00e9s ou de formules secrets ou de tous biens ou droits analogues ne sont imposables que dans l&rsquo;\u00c9tat contractant dont le b\u00e9n\u00e9ficiaire est le r\u00e9sident.<\/td>\n<\/tr>\n<tr>\n<td width=\"307\">(2) Wie Lizenzgeb\u00fchren werden Mietgeb\u00fchren und \u00e4hnliche Verg\u00fctungen f\u00fcr die Benutzung oder das Recht auf Benutzung gewerblicher, kaufm\u00e4nnischer oder wissenschaftlicher Ausr\u00fcstungen und f\u00fcr die \u00dcberlassung gewerblicher, kaufm\u00e4nnischer oder wissenschaftlicher Erfahrungen behandelt.<\/td>\n<td width=\"307\">(2) Sont trait\u00e9s comme les redevances, les droits de location et r\u00e9mun\u00e9rations analogues pour l&rsquo;usage ou le droit \u00e0 l&rsquo;usage d&rsquo;\u00e9quipements industriels, commerciaux ou scientifiques et pour la fourniture d&rsquo;informations concernant des exp\u00e9riences d&rsquo;ordre industriel, commercial ou scientifique.<\/td>\n<\/tr>\n<tr>\n<td width=\"307\">(3) Ver\u00e4nderliche oder feste Verg\u00fctungen f\u00fcr die Ausbeutung von Bergwerken, Steinbr\u00fcchen oder anderen St\u00e4tten der Ausbeutung von Bodensch\u00e4tzen gelten nicht als Lizenzgeb\u00fchren.<\/td>\n<td width=\"307\">(3) Ne sont pas consid\u00e9r\u00e9s comme redevances les paiements variables ou fixes pour l&rsquo;exploitation de mines, carri\u00e8res ou autres ressources naturelles.<\/td>\n<\/tr>\n<tr>\n<td width=\"307\">(4) Die Abs\u00e4tze 1 bis 3 gelten nicht, wenn der Bezugsberechtigte der Lizenzgeb\u00fchren oder anderen Verg\u00fctungen in dem Vertragsstaat, aus dem diese Eink\u00fcnfte stammen, eine Betriebst\u00e4tte unterh\u00e4lt oder eine feste Gesch\u00e4ftseinrichtung, die der Aus\u00fcbung einer freiberuflichen T\u00e4tigkeit oder einer anderen selbst\u00e4ndigen T\u00e4tigkeit dient, und wenn diese Lizenzgeb\u00fchren oder anderen Verg\u00fctungen dieser Betriebst\u00e4tte oder festen Gesch\u00e4ftseinrichtung zuzurechnen sind. In diesem Fall hat der genannte Staat das Besteuerungsrecht f\u00fcr diese Eink\u00fcnfte.<\/td>\n<td width=\"307\">(4) Les paragraphes (1) \u00e0 (3) ne s\u2019appliquent pas lorsque le b\u00e9n\u00e9ficiaire des redevances ou autres r\u00e9mun\u00e9rations entretient dans l\u2019Etat contractant dont proviennent ces revenus un \u00e9tablissement stable ou une installation fixe d\u2019affaires servant \u00e0 l\u2019exercice d\u2019une profession lib\u00e9rale ou d\u2019une autre activit\u00e9 ind\u00e9pendante et que ces redevances ou autres r\u00e9mun\u00e9rations sont \u00e0 attribuer \u00e0 cet \u00e9tablissement stable ou \u00e0 cette installation fixe d&rsquo;affaires. Dans ce cas, ledit Etat a le droit d&rsquo;imposer ces revenus.<\/td>\n<\/tr>\n<tr>\n<td width=\"307\"><strong>Artikel 16<\/strong><\/td>\n<td width=\"307\"><strong>Article 16<\/strong><\/td>\n<\/tr>\n<tr>\n<td width=\"307\">Hochschullehrer oder Lehrer, die in einem der Vertragstaaten ans\u00e4ssig sind und w\u00e4hrend eines vor\u00fcbergehenden Aufenthaltes von h\u00f6chstens zwei Jahren eine Verg\u00fctung f\u00fcr eine Lehrt\u00e4tigkeit an einer Universit\u00e4t, Hochschule, Schule oder einer anderen Lehranstalt in dem anderen Staat erhalten, k\u00f6nnen hinsichtlich dieser Verg\u00fctung nur in dem erstgenannten Staate besteuert werden.<\/td>\n<td width=\"307\">Les professeurs ou instituteurs r\u00e9sidents de l&rsquo;un des \u00c9tats contractants qui, au cours d&rsquo;un s\u00e9jour provisoire d&rsquo;un maximum de deux ans, per\u00e7oivent une r\u00e9mun\u00e9ration pour une activit\u00e9 p\u00e9dagogique exerc\u00e9e dans une universit\u00e9, une \u00e9cole sup\u00e9rieure, une \u00e9cole ou un autre \u00e9tablissement d&rsquo;enseignement dans l&rsquo;autre \u00c9tat ne sont imposables au titre de cette r\u00e9mun\u00e9ration que dans le premier \u00c9tat.<\/td>\n<\/tr>\n<tr>\n<td width=\"307\"><strong>Artikel 17<\/strong><\/td>\n<td width=\"307\"><strong>Article 17<\/strong><\/td>\n<\/tr>\n<tr>\n<td width=\"307\">Studenten, Lehrlinge und Praktikanten aus einem der Vertragstaaten, die sich in dem anderen Staat ausschlie\u00dflich zum Studium oder zur Ausbildung aufhalten, sind in dem anderen Staat hinsichtlich der Bez\u00fcge steuerbefreit, die sie in Form von Unterhalts-, Studien- oder Ausbildungsgeldern aus dem Ausland empfangen.<\/td>\n<td width=\"307\">Les \u00e9tudiants, apprentis et stagiaires de l&rsquo;un des \u00c9tats contractants qui s\u00e9journent dans l&rsquo;autre \u00c9tat \u00e0 seule fin d&rsquo;y faire leurs \u00e9tudes ou d&rsquo;y acqu\u00e9rir la formation professionnelle ne sont soumis \u00e0 aucune imposition de la part de ce dernier \u00c9tat pour les subsides d&rsquo;origine \u00e9trang\u00e8re qu&rsquo;ils re\u00e7oivent sous forme d&rsquo;allocation d&rsquo;entretien, d&rsquo;\u00e9tude ou de formation.<\/td>\n<\/tr>\n<tr>\n<td width=\"307\"><strong>Artikel 18<\/strong><\/td>\n<td width=\"307\"><strong>Article 18<\/strong><\/td>\n<\/tr>\n<tr>\n<td width=\"307\">Eink\u00fcnfte, die in den vorhergehenden Artikeln nicht behandelt sind, k\u00f6nnen nur in dem Vertragstaate besteuert werden, in dem der Bezugsberechtigte, dem diese Eink\u00fcnfte zustehen, ans\u00e4ssig ist.<\/td>\n<td width=\"307\">Les revenus non mentionn\u00e9s aux articles pr\u00e9c\u00e9dents ne sont imposables que dans l&rsquo;\u00c9tat contractant dont le b\u00e9n\u00e9ficiaire de ces revenus est r\u00e9sident.<\/td>\n<\/tr>\n<tr>\n<td width=\"307\"><strong>Artikel 19<\/strong><\/td>\n<td width=\"307\"><strong>Article 19<\/strong><\/td>\n<\/tr>\n<tr>\n<td width=\"307\">(1) Unbewegliches Verm\u00f6gen im Sinne des Artikels 3, das einer in einem Vertragsstaat ans\u00e4ssigen Person geh\u00f6rt und im anderen Vertragsstaat liegt, kann im anderen Staat besteuert werden.<\/td>\n<td width=\"307\">(1) La fortune constitu\u00e9e par des biens immobiliers vis\u00e9s \u00e0 l&rsquo;article 3 que poss\u00e8de un r\u00e9sident d&rsquo;un Etat contractant et qui sont situ\u00e9s dans l&rsquo;autre Etat contractant est imposable dans cet autre Etat.<\/td>\n<\/tr>\n<tr>\n<td width=\"307\">(2) Aktien oder Anteile an einer Gesellschaft oder einer juristischen Person, deren Betriebsverm\u00f6gen im wesentlichen aus unbeweglichem Verm\u00f6gen, das in einem der Vertragsstaaten liegt, oder aus Rechten an diesem Verm\u00f6gen besteht, k\u00f6nnen in dem Vertragsstaat besteuert werden, in dem das unbewegliche Verm\u00f6gen liegt. F\u00fcr die Zwecke dieser Bestimmung bleibt das unbewegliche Verm\u00f6gen au\u00dfer Betracht, das von der Gesellschaft oder der juristischen Person f\u00fcr ihren eigenen gewerblichen oder landwirtschaftlichen Betrieb oder zur Aus\u00fcbung einer nichtgewerblichen T\u00e4tigkeit eingesetzt wird.<\/td>\n<td width=\"307\">(2) La fortune constitu\u00e9e par des actions ou des parts dans une soci\u00e9t\u00e9 ou une personne morale dont l&rsquo;actif est principalement constitu\u00e9 d&rsquo;immeubles situ\u00e9s dans un des Etats contractants ou de droits portant sur ces biens est imposable dans l&rsquo;Etat contractant o\u00f9 ces biens immobiliers sont situ\u00e9s. Pour l&rsquo;application de cette disposition, ne sont pas pris en consid\u00e9ration les immeubles affect\u00e9s par cette soci\u00e9t\u00e9 ou cette personne morale \u00e0 sa propre exploitation industrielle, commerciale, agricole ou \u00e0 l&rsquo;exercice d&rsquo;une profession non commerciale.<\/p>\n<p>&nbsp;<\/td>\n<\/tr>\n<tr>\n<td width=\"307\">(3) Bewegliches Verm\u00f6gen, das Betriebsverm\u00f6gen einer Betriebst\u00e4tte ist, die ein Unternehmen eines Vertragsstaats im anderen Vertragsstaat hat, oder das zu einer st\u00e4ndigen Einrichtung geh\u00f6rt, die einer in einem Vertragsstaat ans\u00e4ssigen Person f\u00fcr die Aus\u00fcbung einer selbst\u00e4ndigen Arbeit im anderen Vertragsstaat zur Verf\u00fcgung steht, kann im anderen Staat besteuert werden.<\/td>\n<td width=\"307\">(3) La fortune constitu\u00e9e par des biens mobiliers qui font partie de l&rsquo;actif d&rsquo;un \u00e9tablissement stable qu&rsquo;une entreprise d&rsquo;un Etat contractant a dans l&rsquo;autre Etat contractant, ou par des biens mobiliers rattach\u00e9s \u00e0 une installation permanente dont un r\u00e9sident d&rsquo;un Etat contractant dispose dans l&rsquo;autre Etat contractant pour l&rsquo;exercice d&rsquo;une profession ind\u00e9pendante, est imposable dans cet autre Etat.<\/td>\n<\/tr>\n<tr>\n<td width=\"307\">(4) Seeschiffe und Luftfahrzeuge, die im internationalen Verkehr betrieben werden, und Schiffe, die der Binnenschiffahrt dienen, sowie bewegliches Verm\u00f6gen, das dem Betrieb dieser Schiffe und Luftfahrzeuge dient, k\u00f6nnen nur in dem Vertragsstaat besteuert werden, in dem sich der Ort der tats\u00e4chlichen Gesch\u00e4ftsleitung des Unternehmens befindet.<\/td>\n<td width=\"307\">(4) La fortune constitu\u00e9e par des navires et des a\u00e9ronefs exploit\u00e9s en trafic international, par des bateaux servant \u00e0 la navigation int\u00e9rieure ainsi que par des biens mobiliers affect\u00e9s \u00e0 leur exploitation n&rsquo;est imposable que dans l&rsquo;Etat contractant o\u00f9 le si\u00e8ge de direction effective de l&rsquo;entreprise est situ\u00e9.<\/td>\n<\/tr>\n<tr>\n<td width=\"307\">(5) Alle anderen Verm\u00f6gensteile einer in einem Vertragsstaat ans\u00e4ssigen Person k\u00f6nnen nur in diesem Staat besteuert werden.<\/td>\n<td width=\"307\">(5) Tous les autres \u00e9l\u00e9ments de la fortune d&rsquo;un r\u00e9sident d&rsquo;un Etat contractant ne sont imposables que dans cet Etat.<\/td>\n<\/tr>\n<tr>\n<td width=\"307\">(6) Ungeachtet der vorstehenden Abs\u00e4tze wird im Fall einer in Frankreich ans\u00e4ssigen nat\u00fcrlichen Person, welche die deutsche Staatsangeh\u00f6rigkeit besitzt, ohne die franz\u00f6sische Staatsangeh\u00f6rigkeit zu besitzen, bei der Veranlagung zur Solidarit\u00e4tsteuer vom Verm\u00f6gen, das au\u00dferhalb Frankreichs gelegene Verm\u00f6gen, das ihr am 1. Januar jedes der f\u00fcnf Kalenderjahre geh\u00f6rt, die auf das Jahr folgen, in dem sie in Frankreich ans\u00e4ssig geworden ist, nicht in die Steuerbemessungsgrundlage f\u00fcr jedes dieser f\u00fcnf Jahre einbezogen. Verliert die Person f\u00fcr mindestens drei Jahre die Eigenschaft einer in Frankreich ans\u00e4ssigen Person und wird sie darauf erneut in Frankreich ans\u00e4ssig, so wird das au\u00dferhalb Frankreichs gelegene Verm\u00f6gen, das ihr am 1. Januar jedes der f\u00fcnf Kalenderjahre geh\u00f6rt, die auf das Jahr folgen, in dem sie wieder in Frankreich ans\u00e4ssig geworden ist, nicht in die Steuerbemessungsgrundlage f\u00fcr jedes dieser f\u00fcnf Jahre einbezogen.<\/td>\n<td width=\"307\">(6) Nonobstant les dispositions des paragraphes pr\u00e9c\u00e9dents du pr\u00e9sent article, pour l&rsquo;imposition au titre de l&rsquo;imp\u00f4t de solidarit\u00e9 sur la fortune d&rsquo;une personne physique r\u00e9sidente de France qui a la nationalit\u00e9 allemande sans avoir la nationalit\u00e9 fran\u00e7aise, les biens situ\u00e9s hors de France qu&rsquo;elle poss\u00e8de au 1<sup>er<\/sup> janvier de chacune des cinq ann\u00e9es civiles suivant celle au cours de laquelle elle devient un r\u00e9sident de France n&rsquo;entrent pas dans l&rsquo;assiette de l&rsquo;imp\u00f4t aff\u00e9rent \u00e0 chacune de ces cinq ann\u00e9es. Si cette personne perd la qualit\u00e9 de r\u00e9sident de France pour une dur\u00e9e au moins \u00e9gale \u00e0 trois ans, puis redevient un r\u00e9sident de France, les biens situ\u00e9s hors de France qu&rsquo;elle poss\u00e8de au 1<sup>er<\/sup> janvier de chacune des cinq ann\u00e9es civiles suivant celle au cours de laquelle elle redevient un r\u00e9sident de France n&rsquo;entrent pas dans l&rsquo;assiette de l&rsquo;imp\u00f4t aff\u00e9rent \u00e0 chacune de ces cinq ann\u00e9es.<\/p>\n<p>&nbsp;<\/td>\n<\/tr>\n<tr>\n<td width=\"307\"><strong>Artikel 20<\/strong><\/td>\n<td width=\"307\"><strong>Article 20 <\/strong><\/td>\n<\/tr>\n<tr>\n<td width=\"307\">(1) Bei Personen, die in der Bundesrepublik ans\u00e4ssig sind, wird die Doppelbesteuerung wie folgt vermieden:<\/td>\n<td width=\"307\">(1) En ce qui concerne les r\u00e9sidents de la R\u00e9publique F\u00e9d\u00e9rale, la double imposition est \u00e9vit\u00e9e de la fa\u00e7on suivante:<\/td>\n<\/tr>\n<tr>\n<td width=\"307\">a) Von der Bemessungsgrundlage der deutschen Steuer werden vorbehaltlich der Buchstaben b, c und d die Eink\u00fcnfte aus Frankreich sowie die in Frankreich gelegenen Verm\u00f6genswerte ausgenommen, die nach diesem Abkommen in Frankreich besteuert werden k\u00f6nnen. Diese Bestimmung schr\u00e4nkt das Recht der Bundesrepublik nicht ein, die auf diese Weise ausgenommenen Eink\u00fcnfte und Verm\u00f6gensteile bei der Festsetzung ihres Steuersatzes zu ber\u00fccksichtigen.<\/td>\n<td width=\"307\">a) Sous r\u00e9serve des dispositions des alin\u00e9as b), c) et d), sont exclus de la base de l&rsquo;imposition allemande les revenus provenant de France et les \u00e9l\u00e9ments de la fortune situ\u00e9s en France qui, en vertu de la pr\u00e9sente Convention, sont imposables en France. Cette r\u00e8gle ne limite pas le droit de la R\u00e9publique F\u00e9d\u00e9rale de tenir compte, lors de la d\u00e9termination du taux de ses imp\u00f4ts, des revenus et des \u00e9l\u00e9ments de la fortune ainsi exclus.<\/td>\n<\/tr>\n<tr>\n<td width=\"307\">b) Bei Dividenden ist Buchstabe a nur auf die Nettoeink\u00fcnfte anzuwenden, die den Dividenden entsprechen, die von einer in Frankreich ans\u00e4ssigen Kapitalgesellschaft an eine in der Bundesrepublik ans\u00e4ssige Kapitalgesellschaft gezahlt werden, der mindestens 10 vom Hundert des Gesellschaftskapitals der erstgenannten Gesellschaft geh\u00f6ren. Diese Bestimmung gilt auch f\u00fcr Beteiligungen, deren Dividenden unter den vorstehenden Satz fallen w\u00fcrden.<\/td>\n<td width=\"307\">b)En ce qui concerne les dividendes, les dispositions de l&rsquo;alin\u00e9a a) ne sont applicables qu&rsquo;aux revenus nets correspondant aux dividendes vers\u00e9s par une soci\u00e9t\u00e9 de capitaux qui est un r\u00e9sident de France \u00e0 une soci\u00e9t\u00e9 de capitaux qui est un r\u00e9sident de la R\u00e9publique f\u00e9d\u00e9rale et qui d\u00e9tient au moins 10 % du capital social de la premi\u00e8re soci\u00e9t\u00e9. Sont \u00e9galement soumises \u00e0 cette r\u00e8gle les participations dont les dividendes tomberaient sous le coup de la phrase pr\u00e9c\u00e9dente.<\/p>\n<p>&nbsp;<\/td>\n<\/tr>\n<tr>\n<td width=\"307\">c) Die franz\u00f6sische Steuer, die nach diesem Abkommen auf andere als die unter Buchstabe b fallenden Dividenden sowie auf die unter Artikel 7 Absatz 4, Artikel 11, Artikel 13 Absatz 6 und Artikel 13 b fallenden Eink\u00fcnfte, die aus Frankreich stammen, erhoben wird, wird unter Beachtung der Vorschriften des deutschen Rechts \u00fcber die Anrechnung ausl\u00e4ndischer Steuern auf die deutsche Steuer angerechnet, die auf diese Eink\u00fcnfte entf\u00e4llt. Die in Artikel 9 Absatz (7) angef\u00fchrten Eink\u00fcnfte gelten f\u00fcr die Anwendung dieses Buchstabens nicht als Dividenden.<\/p>\n<p>&nbsp;<\/td>\n<td width=\"307\">c) L&rsquo;imp\u00f4t fran\u00e7ais per\u00e7u conform\u00e9ment \u00e0 la pr\u00e9sente Convention sur les dividendes autres que ceux vis\u00e9s \u00e0 l\u2019alin\u00e9a b) ci-dessus ainsi que sur les revenus vis\u00e9s au paragraphe (4) de l\u2019article 7, \u00e0 l&rsquo;article 11, au paragraphe (6) de l&rsquo;article 13 et \u00e0 l\u2019article 13 b, qui proviennent de France est imput\u00e9, sous r\u00e9serve des dispositions de la l\u00e9gislation allemande concernant l&rsquo;imputation de l&rsquo;imp\u00f4t \u00e9tranger, sur l&rsquo;imp\u00f4t allemand aff\u00e9rent \u00e0 ces m\u00eames revenus. Les revenus mentionn\u00e9s au paragraphe (7) de l&rsquo;article 9 ne sont pas consid\u00e9r\u00e9s comme des dividendes pour l&rsquo;application du pr\u00e9sent alin\u00e9a.<\/td>\n<\/tr>\n<tr>\n<td width=\"307\">d) Ungeachtet der Bestimmungen des Buchstabens a und anderer Bestimmungen dieses Abkommens wird die Doppelbesteuerung durch Steueranrechnung nach Buchstabe c vermieden, wenn die Bundesrepublik gegen\u00fcber Frankreich auf diplomatischem Weg andere Eink\u00fcnfte notifiziert, bei denen sie die Anrechnungsmethode nach Buchstabe c anzuwenden beabsichtigt. Der vorstehende Satz gilt nur f\u00fcr Eink\u00fcnfte nach Artikel 4 und 12. Die Doppelbesteuerung wird f\u00fcr die notifizierten Eink\u00fcnfte durch Steueranrechnung nach Buchstabe c vom ersten Tag des Kalenderjahres vermieden, das dem Kalenderjahr folgt, in dem die Notifikation \u00fcbermittelt wurde.<\/td>\n<td width=\"307\">d) Nonobstant les dispositions de l\u2019alin\u00e9a a) et les autres dispositions de la pr\u00e9sente Convention, la double imposition est \u00e9vit\u00e9e par la voie de l\u2019imputation conform\u00e9ment aux dispositions de l\u2019alin\u00e9a c), d\u00e8s lors que la R\u00e9publique f\u00e9d\u00e9rale notifie \u00e0 la France par la voie diplomatique les autres revenus pour lesquels elle envisage d\u2019appliquer la m\u00e9thode de l\u2019imputation conform\u00e9ment \u00e0 l\u2019alin\u00e9a c). Les dispositions de la phrase pr\u00e9c\u00e9dente ne s\u2019appliquent qu\u2019aux revenus vis\u00e9s aux articles 4 et 12. La double imposition est \u00e9vit\u00e9e par la voie de l\u2019imputation conform\u00e9ment aux dispositions de l\u2019alin\u00e9a c) pour les revenus notifi\u00e9s \u00e0 compter du premier jour de l\u2019ann\u00e9e civile suivant l\u2019ann\u00e9e civile au cours de laquelle la notification a \u00e9t\u00e9 communiqu\u00e9e.<\/td>\n<\/tr>\n<tr>\n<td width=\"307\">(2) Bei Personen, die in Frankreich ans\u00e4ssig sind, wird die Doppelbesteuerung wie folgt vermieden:<\/td>\n<td width=\"307\">(2) En ce qui concerne les r\u00e9sidents de France, la double imposition est \u00e9vit\u00e9e de la fa\u00e7on suivante:<\/p>\n<p>&nbsp;<\/td>\n<\/tr>\n<tr>\n<td width=\"307\">a) Eink\u00fcnfte, die aus der Bundesrepublik stammen und nach diesem Abkommen dort besteuert werden k\u00f6nnen, k\u00f6nnen auch in Frankreich besteuert werden, wenn sie von einer in Frankreich ans\u00e4ssigen Person erzielt werden und nach innerstaatlichem franz\u00f6sischen Recht nicht von der K\u00f6rperschaftsteuer befreit sind. \u00a0Die deutsche Steuer ist f\u00fcr die Berechnung der in Frankreich steuerpflichtigen Eink\u00fcnfte nicht abzugsf\u00e4hig. Der Empf\u00e4nger hat jedoch Anspruch auf einen Anrechnungsbetrag bei der franz\u00f6sischen Steuer, in deren Bemessungsgrundlage diese Eink\u00fcnfte enthalten sind. Dieser Steueranrechnungsbetrag entspricht<\/p>\n<p>&nbsp;<\/td>\n<td width=\"307\">a) Les revenus qui proviennent de la R\u00e9publique f\u00e9d\u00e9rale et qui y sont imposables conform\u00e9ment aux dispositions de la pr\u00e9sente Convention sont \u00e9galement imposables en France lorsqu&rsquo;ils reviennent \u00e0 un r\u00e9sident de France et lorsqu&rsquo;ils ne sont pas exempt\u00e9s de l&rsquo;imp\u00f4t sur les soci\u00e9t\u00e9s en application de la l\u00e9gislation interne fran\u00e7aise. \u00a0 L&rsquo;imp\u00f4t allemand n&rsquo;est pas d\u00e9ductible pour le calcul du revenu imposable en France. Mais le b\u00e9n\u00e9ficiaire a droit \u00e0 un cr\u00e9dit d&rsquo;imp\u00f4t imputable sur l&rsquo;imp\u00f4t fran\u00e7ais dans la base duquel ces revenus sont compris. Ce cr\u00e9dit d&rsquo;imp\u00f4t est \u00e9gal:<\/td>\n<\/tr>\n<tr>\n<td width=\"307\">aa) bei den unter Artikel 7 Abs\u00e4tze 1, 4 und 6, Artikel 9 Abs\u00e4tze 2, 5, 9 und 10, Artikel 11 Absatz 2, Artikel 13 Absatz 6 und Artikel 13 b Abs\u00e4tze 1 und 2 fallenden Eink\u00fcnften dem Betrag der nach diesen Artikeln in der Bundesrepublik gezahlten Steuer. Er darf jedoch den Betrag der diesen Eink\u00fcnften entsprechenden franz\u00f6sischen Steuer nicht \u00fcberschreiten.<\/td>\n<td width=\"307\">aa) Pour les revenus vis\u00e9s aux paragraphes (1), (4) et (6) de l\u2019article 7, aux paragraphes (2), (5), (9) et (10) de l&rsquo;article 9, au paragraphe (2) de l&rsquo;article 11, au paragraphe (6) de l&rsquo;article 13 et aux paragraphes (1) et (2) de l\u2019article 13 b, au montant de l&rsquo;imp\u00f4t pay\u00e9 en R\u00e9publique f\u00e9d\u00e9rale, conform\u00e9ment aux dispositions de ces articles. Il ne peut toutefois exc\u00e9der le montant de l&rsquo;imp\u00f4t fran\u00e7ais correspondant \u00e0 ces revenus ;<\/td>\n<\/tr>\n<tr>\n<td width=\"307\">bb) bei allen anderen Eink\u00fcnften dem Betrag der diesen Eink\u00fcnften entsprechenden franz\u00f6sischen Steuer, soweit die in Frankreich ans\u00e4ssige Person mit diesen Eink\u00fcnften der deutschen Steuer unterliegt. Diese Bestimmung gilt insbesondere auch f\u00fcr die Eink\u00fcnfte, die unter Artikel 3, Artikel 4 Abs\u00e4tze 1 und 3, Artikel 6 Absatz 1, Artikel 7 Abs\u00e4tze 2, 3 und 5, Artikel 12 Absatz 1, Artikel 13 Abs\u00e4tze 1 und 2 sowie Artikel 14 fallen.<\/td>\n<td width=\"307\">bb) Pour tous les autres revenus, au montant de l&rsquo;imp\u00f4t fran\u00e7ais correspondant \u00e0 ces revenus, \u00e0 condition que le b\u00e9n\u00e9ficiaire r\u00e9sident de France soit soumis \u00e0 l\u2019imp\u00f4t allemand \u00e0 raison de ces revenus. Cette disposition est notamment applicable aux revenus vis\u00e9s \u00e0 l\u2019article 3, aux paragraphes (1) et (3) de l\u2019article 4, au paragraphe (1) de l\u2019article 6, aux paragraphes (2), (3) et (5) de l\u2019article 7, au paragraphe (1) de l\u2019article 12, aux paragraphes (1) et (2) de l\u2019article 13 et \u00e0 l\u2019article 14.<\/td>\n<\/tr>\n<tr>\n<td width=\"307\">b) Wird eine in Frankreich ans\u00e4ssige Gesellschaft dort nach franz\u00f6sischem innerstaatlichem Recht anhand einer konsolidierten Bemessungsgrundlage besteuert, die insbesondere die Gewinne und Verluste der in der Bundesrepublik ans\u00e4ssigen Tochtergesellschaften oder der in der Bundesrepublik gelegenen Betriebst\u00e4tten umfasst, so schlie\u00dft dieses Abkommen die Anwendung des franz\u00f6sischen innerstaatlichen Rechts nicht aus. In diesem Fall kann die deutsche Steuer nicht von solchen Eink\u00fcnften abgezogen werden, die in Frankreich ans\u00e4ssige Person hat jedoch Anspruch auf einen Anrechnungsbetrag bei der franz\u00f6sischen Steuer. Die Steueranrechnung entspricht der in der Bundesrepublik entrichteten Steuer. Dieser Steueranrechnungsbetrag darf jedoch den Betrag der auf diese Eink\u00fcnfte entfallenden franz\u00f6sischen Steuer nicht \u00fcberschreiten.<\/td>\n<td width=\"307\">b) Lorsqu\u2019une soci\u00e9t\u00e9 qui est un r\u00e9sident de France est impos\u00e9e dans cet Etat, en application de la l\u00e9gislation interne fran\u00e7aise, sur un r\u00e9sultat fiscal consolid\u00e9, comprenant en particulier les b\u00e9n\u00e9fices ou pertes des filiales r\u00e9sidentes de R\u00e9publique f\u00e9d\u00e9rale ou des \u00e9tablissements stables situ\u00e9s en R\u00e9publique f\u00e9d\u00e9rale, les dispositions de la pr\u00e9sente Convention ne s\u2019opposent pas \u00e0 l\u2019application des dispositions pr\u00e9vues par la l\u00e9gislation interne fran\u00e7aise. Dans ce cas, l\u2019imp\u00f4t allemand n\u2019est pas d\u00e9ductible de ce revenu, mais le r\u00e9sident de France a droit \u00e0 un cr\u00e9dit d\u2019imp\u00f4t imputable sur l\u2019imp\u00f4t fran\u00e7ais. Ce cr\u00e9dit d\u2019imp\u00f4t est \u00e9gal au montant de l\u2019imp\u00f4t pay\u00e9 en R\u00e9publique f\u00e9d\u00e9rale. Ce cr\u00e9dit d\u2019imp\u00f4t ne peut toutefois exc\u00e9der le montant de l\u2019imp\u00f4t fran\u00e7ais correspondant \u00e0 ces revenus.<\/p>\n<p>&nbsp;<\/p>\n<p>&nbsp;<\/td>\n<\/tr>\n<tr>\n<td width=\"307\">c) Das Verm\u00f6gen, das nach Artikel 19 in der Bundesrepublik besteuert werden kann, kann auch in Frankreich besteuert werden. Die in der Bundesrepublik von diesem Verm\u00f6gen erhobene Steuer verleiht den in Frankreich ans\u00e4ssigen Personen Anspruch auf eine Steueranrechnung in H\u00f6he der in der Bundesrepublik erhobenen Steuer, wobei aber die Anrechnung den Betrag der auf dieses Verm\u00f6gen entfallenden franz\u00f6sischen Steuer nicht \u00fcbersteigen darf. Angerechnet wird auf die Solidarit\u00e4tsteuer vom Verm\u00f6gen, in deren Bemessungsgrundlage das betreffende Verm\u00f6gen enthalten ist.<\/p>\n<p>&nbsp;<\/td>\n<td width=\"307\">c) La fortune imposable en R\u00e9publique f\u00e9d\u00e9rale en application de l&rsquo;article 19 est \u00e9galement imposable en France. L&rsquo;imp\u00f4t per\u00e7u en R\u00e9publique f\u00e9d\u00e9rale sur cette fortune ouvre droit, au profit des r\u00e9sidents de France, \u00e0 un cr\u00e9dit d&rsquo;imp\u00f4t correspondant au montant de l&rsquo;imp\u00f4t per\u00e7u en R\u00e9publique f\u00e9d\u00e9rale, mais qui ne peut exc\u00e9der le montant de l&rsquo;imp\u00f4t fran\u00e7ais aff\u00e9rent \u00e0 cette fortune. Ce cr\u00e9dit est imputable sur l&rsquo;imp\u00f4t de solidarit\u00e9 sur la fortune dans les bases d&rsquo;imposition duquel la fortune en cause est comprise.<\/p>\n<p>&nbsp;<\/td>\n<\/tr>\n<tr>\n<td width=\"307\">(3) Verwendet eine in der Bundesrepublik Deutschland ans\u00e4ssige Gesellschaft aus Frankreich stammende Eink\u00fcnfte zur Dividendenaussch\u00fcttung, so schlie\u00dft Absatz 1 die Herstellung der Aussch\u00fcttungsbelastung f\u00fcr die K\u00f6rperschaftsteuer nach den Vorschriften des Steuerrechts der Bundesrepublik Deutschland nicht aus.<\/td>\n<td width=\"307\">(3) Lorsqu&rsquo;une soci\u00e9t\u00e9 r\u00e9sident de la R\u00e9publique f\u00e9d\u00e9rale d&rsquo;Allemagne affecte des revenus provenant de France \u00e0 des distributions de dividendes, les dispositions du paragraphe (1) ne font pas obstacle \u00e0 la perception d&rsquo;une imposition compensatoire sur les montants distribu\u00e9s, au titre de l&rsquo;imp\u00f4t sur les soci\u00e9t\u00e9s, conform\u00e9ment aux dispositions de la l\u00e9gislation fiscale de la R\u00e9publique f\u00e9d\u00e9rale d&rsquo;Allemagne.\u00bb<\/p>\n<p>&nbsp;<\/td>\n<\/tr>\n<tr>\n<td width=\"307\"><strong>Artikel 21<\/strong><\/td>\n<td width=\"307\"><strong>Article 21<\/strong><\/td>\n<\/tr>\n<tr>\n<td width=\"307\">(1) Die Staatsangeh\u00f6rigen eines Vertragstaates d\u00fcrfen in dem anderen Vertragstaate keiner Besteuerung oder einer damit zusammenh\u00e4ngenden Verpflichtung unterworfen werden, die anders oder belastender ist als die Besteuerung und die damit zusammenh\u00e4ngenden Verpflichtungen, denen die Staatsangeh\u00f6rigen des anderen Staates unter gleichen Verh\u00e4ltnissen unterworfen sind oder unterworfen werden k\u00f6nnen. Im Sinne des Satzes 1 gilt, dass eine in einem Vertragsstaat ans\u00e4ssige nat\u00fcrliche Person, juristische Person, Personengesellschaft oder Personenvereinigung nicht den gleichen Verh\u00e4ltnissen unterworfen wird wie eine nicht in diesem Staat ans\u00e4ssige nat\u00fcrliche Person, juristische Person, Personengesellschaft oder Personenvereinigung; dies gilt unabh\u00e4ngig von der Begriffsbestimmung der Staatsangeh\u00f6rigkeit, auch wenn juristische Personen, Personengesellschaften und Personenvereinigungen als Staatsangeh\u00f6rige des Vertragsstaats gelten, in dem sie ans\u00e4ssig sind.<\/td>\n<td width=\"307\">(1) Les nationaux d&rsquo;un \u00c9tat contractant ne sont soumis dans l&rsquo;autre \u00c9tat contractant \u00e0 aucune imposition ou obligation y relative, qui est autre ou plus lourde que les impositions et les obligations y relatives auxquelles sont ou pourront \u00eatre assujettis les nationaux de cet autre \u00c9tat se trouvant dans la m\u00eame situation. Pour l\u2019application de la phrase pr\u00e9c\u00e9dente, il est entendu qu&rsquo;une personne physique ou morale, une soci\u00e9t\u00e9 de personnes ou une association qui est un r\u00e9sident d&rsquo;un Etat contractant ne se trouve pas dans la m\u00eame situation qu&rsquo;une personne physique ou morale, une soci\u00e9t\u00e9 de personnes ou une association qui n&rsquo;est pas un r\u00e9sident de cet Etat ; cela est vrai quelle que soit la d\u00e9finition de la nationalit\u00e9, m\u00eame si les personnes morales, les soci\u00e9t\u00e9s de personnes et les associations sont consid\u00e9r\u00e9es comme des nationaux de l&rsquo;Etat contractant dont elles sont des r\u00e9sidents.<\/p>\n<p>&nbsp;<\/td>\n<\/tr>\n<tr>\n<td width=\"307\">(2) Der Begriff \u00ab\u00a0Staatsangeh\u00f6rige\u00a0\u00bb bedeutet:<\/td>\n<td width=\"307\">(2) Le terme \u00abnationaux\u00bb d\u00e9signe:<\/td>\n<\/tr>\n<tr>\n<td width=\"307\">\n<ol>\n<li>in bezug auf Frankreich<br \/>\nalle nat\u00fcrlichen Personen, die die franz\u00f6sische Staatsangeh\u00f6rigkeit besitzen;<\/li>\n<\/ol>\n<\/td>\n<td width=\"307\">\n<ol>\n<li>En ce qui concerne la France,<br \/>\ntoutes les personnes physiques qui poss\u00e8dent la nationalit\u00e9 fran\u00e7aise;<\/li>\n<\/ol>\n<\/td>\n<\/tr>\n<tr>\n<td width=\"307\">\n<ol>\n<li>in bezug auf die Bundesrepublik<br \/>\nalle Deutschen im Sinne des Artikels 116 Absatz 1 des Grundgesetzes f\u00fcr die Bundesrepublik Deutschland;<\/li>\n<\/ol>\n<p>&nbsp;<\/td>\n<td width=\"307\">\n<ol>\n<li>En ce qui concerne la R\u00e9publique F\u00e9d\u00e9rale,<br \/>\ntous les Allemands au sens de l&rsquo;article 116, paragraphe 1, de la Loi fondamentale de la R\u00e9publique F\u00e9d\u00e9rale d&rsquo;Allemagne;<\/li>\n<\/ol>\n<\/td>\n<\/tr>\n<tr>\n<td width=\"307\">\n<ol>\n<li>alle juristischen Personen, Personengesellschaften und anderen Personenvereinigungen, die nach dem in einem Vertragstaat geltenden Recht errichtet worden sind.<\/li>\n<\/ol>\n<\/td>\n<td width=\"307\">\n<ol>\n<li>Toutes les personnes morales, soci\u00e9t\u00e9s de personnes et associations constitu\u00e9es conform\u00e9ment \u00e0 la l\u00e9gislation en vigueur dans un \u00c9tat contractant.<\/li>\n<\/ol>\n<\/td>\n<\/tr>\n<tr>\n<td width=\"307\">(3) Staatenlose d\u00fcrfen in einem Vertragstaate keiner Besteuerung oder einer damit zusammenh\u00e4ngenden Verpflichtung unterworfen werden, die anders oder belastender ist als die Besteuerung und die damit zusammenh\u00e4ngenden Verpflichtungen, denen die Staatsangeh\u00f6rigen dieses Staates unter gleichen Verh\u00e4ltnissen unterworfen sind oder unterworfen werden k\u00f6nnen.<\/td>\n<td width=\"307\">(3) Les apatrides ne sont soumis dans un \u00c9tat contractant \u00e0 aucune imposition ou obligation y relative, qui est autre ou plus lourde que les impositions et les obligations y relatives auxquelles sont ou pourront \u00eatre assujettis les nationaux de cet \u00c9tat se trouvant dans la m\u00eame situation.<\/td>\n<\/tr>\n<tr>\n<td width=\"307\">(4) Die Besteuerung einer Betriebst\u00e4tte, die ein Unternehmen eines Vertragstaates in dem anderen Vertragstaate hat, darf in dem anderen Vertragstaate nicht ung\u00fcnstiger sein als die Besteuerung von Unternehmen dieses anderen Staates, die die gleiche T\u00e4tigkeit aus\u00fcben.<br \/>\nDiese Vorschrift ist nicht dahin auszulegen, da\u00df sie einen Vertragstaat verpflichtet, den in dem anderen Vertragstaat ans\u00e4ssigen Personen Steuerfreibetr\u00e4ge, -verg\u00fcnstigungen und -erm\u00e4\u00dfigungen auf Grund des Personenstandes oder der Familienlasten zu gew\u00e4hren, die er den in seinem Gebiet ans\u00e4ssigen Personen gew\u00e4hrt.<\/td>\n<td width=\"307\">(4) L&rsquo;imposition d&rsquo;un \u00e9tablissement stable qu&rsquo;une entreprise d&rsquo;un \u00c9tat contractant a dans l&rsquo;autre \u00c9tat contractant n&rsquo;est pas \u00e9tablie dans cet autre \u00c9tat d&rsquo;une fa\u00e7on moins favorable que l&rsquo;imposition des entreprises de cet autre \u00c9tat qui exercent la m\u00eame activit\u00e9.<br \/>\nCette disposition ne peut \u00eatre interpr\u00e9t\u00e9e comme obligeant un \u00c9tat contractant \u00e0 accorder aux r\u00e9sidents de l&rsquo;autre \u00c9tat contractant les d\u00e9ductions personnelles, abattements et r\u00e9ductions d&rsquo;imp\u00f4t en fonction de la situation ou des charges de famille qu&rsquo;il accorde \u00e0 ses propres r\u00e9sidents.<\/td>\n<\/tr>\n<tr>\n<td width=\"307\">(5) Die Unternehmen eines Vertragstaates, deren Kapital ganz oder teilweise, unmittelbar oder mittelbar, einer in dem anderen Vertragstaat ans\u00e4ssigen Person oder mehreren solchen Personen geh\u00f6rt oder der Kontrolle dieser Personen unterliegt, d\u00fcrfen in dem erstgenannten Vertragstaate keiner Besteuerung oder einer damit zusammenh\u00e4ngenden Verpflichtung unterworfen werden, die anders oder belastender ist als die Besteuerung und die damit zusammenh\u00e4ngenden Verpflichtungen, denen andere \u00e4hnliche Unternehmen des erstgenannten Staates unterworfen sind oder unterworfen werden k\u00f6nnen.<\/td>\n<td width=\"307\">(5) Les entreprises d&rsquo;un \u00c9tat contractant, dont le capital est en totalit\u00e9 ou en partie, directement ou indirectement, d\u00e9tenu ou contr\u00f4l\u00e9 par un ou plusieurs r\u00e9sidents de l&rsquo;autre \u00c9tat contractant, ne sont soumises dans le premier \u00c9tat contractant \u00e0 aucune imposition ou obligation y relative, qui est autre ou plus lourde que les impositions et les obligations y relatives auxquelles sont ou pourront \u00eatre assujetties les autres entreprises de m\u00eame nature de ce premier \u00c9tat.<\/p>\n<p>&nbsp;<\/td>\n<\/tr>\n<tr>\n<td width=\"307\">(6) Beitr\u00e4ge von einer oder f\u00fcr eine in einem Vertragsstaat t\u00e4tige nat\u00fcrliche Person an eine Altersvorsorgeeinrichtung,<\/p>\n<p>&nbsp;<\/td>\n<td width=\"307\">(6) Lorsqu\u2019une personne physique exerce des activit\u00e9s dans un Etat contractant, les cotisations qui sont vers\u00e9es par cette personne ou pour son compte \u00e0 un r\u00e9gime de retraite<\/td>\n<\/tr>\n<tr>\n<td width=\"307\">a) die im anderen Vertragsstaat steuerlich anerkannt ist,<\/td>\n<td width=\"307\">a) reconnu aux fins de l\u2019imposition dans l\u2019autre Etat contractant,<\/td>\n<\/tr>\n<tr>\n<td width=\"307\">b) bei der die nat\u00fcrliche Person unmittelbar vor Aufnahme der T\u00e4tigkeit im erstgenannten Staat Mitglied war,<\/td>\n<td width=\"307\">b) auquel la personne a particip\u00e9 imm\u00e9diatement avant de commencer d\u2019exercer des activit\u00e9s dans cet Etat,<\/td>\n<\/tr>\n<tr>\n<td width=\"307\">c) bei der die nat\u00fcrliche Person zum Zeitpunkt ihrer T\u00e4tigkeit oder ihrer Ans\u00e4ssigkeit im anderen Staat Mitglied war, und<\/td>\n<td width=\"307\">c) auquel la personne a particip\u00e9 \u00e0 un moment o\u00f9 elle exer\u00e7ait des activit\u00e9s dans l\u2019autre Etat ou y r\u00e9sidait, et<\/td>\n<\/tr>\n<tr>\n<td width=\"307\">d) bei der die zust\u00e4ndige Beh\u00f6rde des erstgenannten Staates festgestellt hat, dass sie allgemein einer Altersvorsorgeeinrichtung entspricht, die in diesem Staat als solche steuerliche anerkannt ist,<\/td>\n<td width=\"307\">d) qui est accept\u00e9 par l\u2019autorit\u00e9 comp\u00e9tente de cet Etat comme correspondant de fa\u00e7on g\u00e9n\u00e9rale \u00e0 un r\u00e9gime de retraite reconnu comme tel aux fins de l\u2019imposition dans cet Etat,<\/td>\n<\/tr>\n<tr>\n<td width=\"307\">werden zum Zwecke<\/td>\n<td width=\"307\">sont, aux fins<\/td>\n<\/tr>\n<tr>\n<td width=\"307\">e) der Ermittlung der im erstgenannten Staat von der nat\u00fcrlichen Person zu entrichtenden Steuer und<\/td>\n<td width=\"307\">e) de d\u00e9terminer l\u2019imp\u00f4t payable par cette personne dans le premier Etat, et<\/p>\n<p>&nbsp;<\/td>\n<\/tr>\n<tr>\n<td width=\"307\">f) der Ermittlung der Gewinne eines Unternehmens, die im erstgenannten Staat besteuert werden k\u00f6nnen,<\/td>\n<td width=\"307\">f) de d\u00e9terminer les b\u00e9n\u00e9fices d\u2019une entreprise qui sont imposables dans le premier Etat,<\/td>\n<\/tr>\n<tr>\n<td width=\"307\">in diesem Staat in gleicher Weise und nach den gleichen Bedingungen und Einschr\u00e4nkungen behandelt wie Beitr\u00e4ge zu einer im erstgenannten Staat steuerlich anerkannten Altersvorsorgeeinrichtung.<\/p>\n<p>Im Sinne von Satz 1<\/td>\n<td width=\"307\">trait\u00e9es dans ce premier Etat de la m\u00eame fa\u00e7on et dans les m\u00eames conditions et restrictions que le sont les cotisations \u00e0 un r\u00e9gime de retraite reconnu aux fins de l\u2019imposition dans ce premier Etat.<\/p>\n<p>Aux fins de la phrase pr\u00e9c\u00e9dente :<\/td>\n<\/tr>\n<tr>\n<td width=\"307\">a) bedeutet der Ausdruck \u201eAltersvorsorgeeinrichtung\u201c eine Einrichtung, an der sich die nat\u00fcrliche Person zur Sicherung von Ruhestandsleistungen beteiligt, die f\u00fcr die im vorstehenden Satz genannte T\u00e4tigkeit zu zahlen sind, und<\/td>\n<td width=\"307\">a) l\u2019expression \u00ab r\u00e9gime de retraite \u00bb signifie un arrangement auquel la personne physique participe afin de b\u00e9n\u00e9ficier de prestations de retraite payables \u00e0 l\u2019\u00e9gard des activit\u00e9s vis\u00e9es \u00e0 la phrase pr\u00e9c\u00e9dente, et<\/p>\n<p>&nbsp;<\/td>\n<\/tr>\n<tr>\n<td width=\"307\">b) ist eine Altersvorsorgeeinrichtung in einem Staat steuerlich anerkannt, wenn f\u00fcr die an diese Einrichtung geleisteten Beitr\u00e4ge in diesem Staat eine Steuerentlastung gew\u00e4hrt w\u00fcrde.<\/td>\n<td width=\"307\">b) un r\u00e9gime de retraite est reconnu aux fins de l&rsquo;imposition dans un Etat si les cotisations \u00e0 ce r\u00e9gime sont admissibles \u00e0 un all\u00e8gement fiscal dans cet Etat.<\/td>\n<\/tr>\n<tr>\n<td width=\"307\">(7) In diesem Artikel bedeutet der Begriff \u00ab\u00a0Besteuerung\u00a0\u00bb Steuern jeder Art und Bezeichnung.<\/td>\n<td width=\"307\">(7) Le terme \u00abimposition\u00bb d\u00e9signe dans le pr\u00e9sent article les imp\u00f4ts de toute nature et d\u00e9nomination.<\/td>\n<\/tr>\n<tr>\n<td width=\"307\">(8)<\/td>\n<td width=\"307\">(8)<\/td>\n<\/tr>\n<tr>\n<td width=\"307\">a) Die Steuerbefreiungen und -erm\u00e4\u00dfigungen auf Schenkungen oder Erbschaften, die das Recht eines der Vertragsstaaten zugunsten dieses Staates, seiner L\u00e4nder oder seiner Gebietsk\u00f6rperschaften vorsieht, gelten auch f\u00fcr juristische Personen gleicher Art des anderen Vertragsstaats.<\/p>\n<p>&nbsp;<\/td>\n<td width=\"307\">a) Les exemptions et r\u00e9ductions d&rsquo;imp\u00f4ts sur les donations ou sur les successions pr\u00e9vues par la l\u00e9gislation d&rsquo;un des Etats contractants au profit de cet Etat, de ses L\u00e4nder ou collectivit\u00e9s locales (dans le cas de la R\u00e9publique f\u00e9d\u00e9rale d&rsquo;Allemagne) ou de ses collectivit\u00e9s territoriales (dans le cas de la France) sont applicables aux personnes morales de m\u00eame nature de l&rsquo;autre Etat contractant.<\/td>\n<\/tr>\n<tr>\n<td width=\"307\">b) Die Anstalten des \u00f6ffentlichen Rechts, die gemeinn\u00fctzigen Anstalten sowie die nicht auf Gewinnerzielung gerichteten Organe, Vereinigungen, Institutionen und Stiftungen, die in einem der Vertragsstaaten gegr\u00fcndet oder errichtet worden und auf religi\u00f6sem, wissenschaftlichem, k\u00fcnstlerischem, kulturellem, erzieherischem oder mildt\u00e4tigem Gebiet t\u00e4tig sind, genie\u00dfen im anderen Vertragsstaat unter den im Recht dieses Staates vorgesehenen Voraussetzungen die Befreiungen oder anderen Verg\u00fcnstigungen bei den Steuern auf Schenkungen oder Erbschaften, die den in diesem anderen Staat gegr\u00fcndeten oder errichteten Rechtstr\u00e4gern gleicher Art gew\u00e4hrt werden.<br \/>\nDiese Befreiungen oder anderen Verg\u00fcnstigungen gelten jedoch nur, wenn diese Rechtstr\u00e4ger im erstgenannten Staat \u00e4hnliche Befreiungen oder Verg\u00fcnstigungen genie\u00dfen.<\/td>\n<td width=\"307\">b) Les \u00e9tablissements publics, les \u00e9tablissements d&rsquo;utilit\u00e9 publique ainsi que les organismes, associations, institutions et fondations \u00e0 but d\u00e9sint\u00e9ress\u00e9 cr\u00e9\u00e9s ou organis\u00e9s dans l&rsquo;un des Etats contractants et exer\u00e7ant leur activit\u00e9 dans le domaine religieux, scientifique, artistique, culturel, \u00e9ducatif ou charitable b\u00e9n\u00e9ficient dans l&rsquo;autre Etat contractant, dans les conditions pr\u00e9vues par la l\u00e9gislation de celui-ci, des exon\u00e9rations ou autres avantages accord\u00e9s, en mati\u00e8re d&rsquo;imp\u00f4ts sur les donations ou sur les successions, aux entit\u00e9s de m\u00eame nature cr\u00e9\u00e9es ou organis\u00e9es dans cet autre Etat.<br \/>\nToutefois, ces exon\u00e9rations ou autres avantages ne sont applicables que si ces entit\u00e9s ben\u00e9ficient d&rsquo;exon\u00e9rations ou avantages analogues dans le premier Etat.<\/td>\n<\/tr>\n<tr>\n<td width=\"307\"><strong>Artikel 22<\/strong><\/td>\n<td width=\"307\"><strong>Article 22<\/strong><\/td>\n<\/tr>\n<tr>\n<td width=\"307\">(1) Die Vertragstaaten werden sich bei der Veranlagung und Erhebung der in Artikel 1 bezeichneten Steuern gegenseitig Amts- und Rechtshilfe gew\u00e4hren.<\/td>\n<td width=\"307\">(1) Les \u00c9tats contractants se pr\u00eateront mutuellement une assistance administrative et juridique en ce qui concerne l&rsquo;assiette et le recouvrement des imp\u00f4ts vis\u00e9s \u00e0 l&rsquo;article 1.<\/td>\n<\/tr>\n<tr>\n<td width=\"307\">(2) Zu diesem Zwecke kommen die Vertragstaaten dahin \u00fcberein, da\u00df sich ihre zust\u00e4ndigen Beh\u00f6rden gegenseitig insbesondere die steuerlichen Ausk\u00fcnfte erteilen, die ihnen zur Verf\u00fcgung stehen oder die sie sich auf Grund ihrer gesetzlichen Vorschriften beschaffen k\u00f6nnen, und die zur Durchf\u00fchrung dieses Abkommens sowie zur Verhinderung der Steuerhinterziehung erforderlich sind. Der Inhalt dieser Mitteilungen ist geheimzuhalten und nur solchen Personen zug\u00e4nglich zu machen, die nach den gesetzlichen Vorschriften mit der Veranlagung und Erhebung der Steuern im Sinne dieses Abkommens beauftragt sind.<\/td>\n<td width=\"307\">(2) A cette fin, les \u00c9tats contractants conviennent que leurs autorit\u00e9s comp\u00e9tentes \u00e9changeront notamment les renseignements d&rsquo;ordre fiscal dont elles disposent ou qu&rsquo;elles peuvent se procurer conform\u00e9ment \u00e0 leur l\u00e9gislation et qui leur seraient n\u00e9cessaires pour l&rsquo;application de la pr\u00e9sente convention ainsi que pour \u00e9viter l&rsquo;\u00e9vasion fiscale. Ces renseignements conserveront un caract\u00e8re secret et ne seront communiqu\u00e9s qu&rsquo;aux personnes charg\u00e9es, en vertu des dispositions l\u00e9gales, de l&rsquo;assiette et du recouvrement des imp\u00f4ts vis\u00e9s par la pr\u00e9sente convention.<\/p>\n<p>&nbsp;<\/td>\n<\/tr>\n<tr>\n<td width=\"307\">(3) Die Vorschriften dieses Artikels d\u00fcrfen nicht dahin ausgelegt werden, da\u00df sie einen der Vertragstaaten verpflichten, dem anderen Staat Ausk\u00fcnfte zu erteilen, die er nach seinem eigenen Steuerrecht nicht verlangen kann oder die ein gewerbliches oder berufliches Geheimnis verletzen w\u00fcrden. Die Vorschriften dieses Artikels d\u00fcrfen auch nicht dahin ausgelegt werden, da\u00df sie einen der Vertragstaaten verpflichten, Verwaltungsma\u00dfnahmen durchzuf\u00fchren, die von seinen Vorschriften oder seiner Verwaltungspraxis abweichen. Das Auskunftsersuchen kann auch abgelehnt werden, wenn der ersuchte Staat die Ausk\u00fcnfte f\u00fcr geeignet h\u00e4lt, seine Hoheitsrechte oder seine Sicherheit zu gef\u00e4hrden oder seine allgemeinen Interessen zu beeintr\u00e4chtigen.<\/td>\n<td width=\"307\">(3) Les dispositions du pr\u00e9sent article ne pourront en aucun cas \u00eatre interpr\u00e9t\u00e9es comme imposant \u00e0 l&rsquo;un des \u00c9tats contractants l&rsquo;obligation de communiquer \u00e0 l&rsquo;autre \u00c9tat des renseignements autres que ceux que sa propre l\u00e9gislation fiscale lui permet d&rsquo;obtenir ou dont la production impliquerait la violation d&rsquo;un secret industriel, commercial ou professionnel. Les dispositions du pr\u00e9sent article ne pourront pas non plus \u00eatre interpr\u00e9t\u00e9es comme imposant \u00e0 l&rsquo;un des \u00c9tats contractants l&rsquo;obligation d&rsquo;accomplir des actes administratifs qui ne seraient pas conformes \u00e0 ses dispositions ou \u00e0 ses pratiques administratives. L&rsquo;assistance pourra \u00e9galement \u00eatre refus\u00e9e lorsque l&rsquo;\u00c9tat requis estimera qu&rsquo;elle serait de nature \u00e0 mettre en danger sa souverainet\u00e9 ou sa s\u00e9curit\u00e9 ou qu&rsquo;elle porterait atteinte \u00e0 ses int\u00e9r\u00eats g\u00e9n\u00e9raux.<\/td>\n<\/tr>\n<tr>\n<td width=\"307\">(4) Stellt der Vertragstaat, der die Ausk\u00fcnfte erh\u00e4lt, fest, da\u00df sie nicht den Tatsachen entsprechen, so wird die zust\u00e4ndige Beh\u00f6rde dieses Staates, falls sie glaubt, da\u00df dies tunlich und f\u00fcr den anderen Staat von Interesse ist, die erhaltenen Unterlagen so bald wie m\u00f6glich der zust\u00e4ndigen Beh\u00f6rde des anderen Staates unter Angabe des Grundes der R\u00fccksendung und der von ihr festgestellten Tatsachen zur\u00fccksenden.<\/td>\n<td width=\"307\">(4) Si l&rsquo;\u00c9tat contractant qui re\u00e7oit les renseignements constate qu&rsquo;ils ne sont pas conformes aux faits, l&rsquo;autorit\u00e9 comp\u00e9tente de cet \u00c9tat, pour autant qu&rsquo;elle estime qu&rsquo;une telle mesure est possible et pr\u00e9sente quelque int\u00e9r\u00eat pour l&rsquo;autre \u00c9tat, renverra le plus t\u00f4t possible les documents re\u00e7us \u00e0 l&rsquo;autorit\u00e9 comp\u00e9tente de l&rsquo;autre \u00c9tat en lui indiquant les motifs du renvoi, et en lui faisant part des faits tels qu&rsquo;elle les aura constat\u00e9s.<\/td>\n<\/tr>\n<tr>\n<td width=\"307\"><strong>Artikel 23<\/strong><\/td>\n<td width=\"307\"><strong>Article 23<\/strong><\/td>\n<\/tr>\n<tr>\n<td width=\"307\">(1) Die Vertragsstaaten leisten sich gegenseitige Amtshilfe bei der Erhebung von Steueranspr\u00fcchen. Diese Amtshilfe wird durch Artikel 1 nicht eingeschr\u00e4nkt. Die zust\u00e4ndigen Beh\u00f6rden der Vertragsstaaten k\u00f6nnen in gegenseitigem Einvernehmen regeln, wie dieser Artikel durchzuf\u00fchren ist.<\/td>\n<td width=\"307\">(1) Les Etats contractants se pr\u00eatent mutuellement assistance pour le recouvrement de leurs cr\u00e9ances fiscales. Cette assistance n\u2019est pas limit\u00e9e par l\u2019article 1er. Les autorit\u00e9s comp\u00e9tentes des Etats contractants peuvent r\u00e9gler d\u2019un commun accord les modalit\u00e9s d\u2019application du pr\u00e9sent article.<\/td>\n<\/tr>\n<tr>\n<td width=\"307\">(2) Der in diesem Artikel verwendete Ausdruck \u201eSteueranspruch\u201c bedeutet einen Betrag, der auf Grund von Steuern jeder Art und Bezeichnung, die f\u00fcr Rechnung der Vertragsstaaten, eines ihrer L\u00e4nder oder einer ihrer Gebietsk\u00f6rperschaften erhoben werden, geschuldet wird, soweit die Besteuerung diesem Abkommen oder anderen \u00dcbereink\u00fcnften, denen die Vertragsstaaten beigetreten sind, nicht widerspricht, sowie mit diesem Betrag zusammenh\u00e4ngende Zinsen, Geldbu\u00dfen und Kosten der Erhebung und Sicherung.<\/td>\n<td width=\"307\">(2) Le terme \u00ab cr\u00e9ance fiscale \u00bb tel qu\u2019il est utilis\u00e9 dans cet article d\u00e9signe une somme due au titre d\u2019imp\u00f4ts de toute nature ou d\u00e9nomination per\u00e7us pour le compte des Etats contractants, de leurs subdivisions politiques ou collectivit\u00e9s territoriales, dans la mesure o\u00f9 l\u2019imposition correspondante n\u2019est pas contraire \u00e0 cette Convention ou \u00e0 tout autre instrument auquel ces Etats contractants sont parties, ainsi que les int\u00e9r\u00eats, p\u00e9nalit\u00e9s administratives et co\u00fbts de recouvrement ou de conservation aff\u00e9rents \u00e0 ces imp\u00f4ts.<\/p>\n<p>&nbsp;<\/td>\n<\/tr>\n<tr>\n<td width=\"307\">(3) Ist der Steueranspruch eines Vertragsstaats nach dem Recht dieses Staates vollstreckbar und wird er von einer Person geschuldet, die zu diesem Zeitpunkt nach dem Recht dieses Staates die Erhebung nicht verhindern kann, wird dieser Steueranspruch auf Ersuchen der zust\u00e4ndigen Beh\u00f6rde dieses Staates f\u00fcr die Zwecke der Erhebung von der zust\u00e4ndigen Beh\u00f6rde des anderen Vertragsstaats anerkannt. Der Steueranspruch wird vom anderen Staat nach dessen Rechtsvorschriften \u00fcber die Vollstreckung und Erhebung seiner eigenen Steuern erhoben, als handele es sich bei dem Steueranspruch um einen Steueranspruch des anderen Staates.<\/td>\n<td width=\"307\">(3) Lorsqu\u2019une cr\u00e9ance fiscale d\u2019un Etat contractant qui est recouvrable en vertu des lois de cet Etat et est due par une personne qui, \u00e0 cette date, ne peut, en vertu de ces lois, emp\u00eacher son recouvrement, cette cr\u00e9ance fiscale est, \u00e0 la demande des autorit\u00e9s comp\u00e9tentes de cet Etat, accept\u00e9e en vue de son recouvrement par les autorit\u00e9s comp\u00e9tentes de l\u2019autre Etat contractant. Cette cr\u00e9ance fiscale est recouvr\u00e9e par cet autre Etat conform\u00e9ment aux dispositions de sa l\u00e9gislation applicable en mati\u00e8re de recouvrement de ses propres imp\u00f4ts comme si la cr\u00e9ance en question \u00e9tait une cr\u00e9ance fiscale de cet autre Etat.<\/td>\n<\/tr>\n<tr>\n<td width=\"307\">(4) Handelt es sich bei dem Steueranspruch eines Vertragsstaats um einen Anspruch, bei dem dieser Staat nach seinem Recht Ma\u00dfnahmen zur Sicherung der Erhebung einleiten kann, wird dieser Steueranspruch auf Ersuchen der zust\u00e4ndigen Beh\u00f6rde dieses Staates zum Zwecke der Einleitung von Sicherungsma\u00dfnahmen von der zust\u00e4ndigen Beh\u00f6rde des anderen Vertragsstaats anerkannt. Der andere Staat leitet nach seinen Rechtsvorschriften Sicherungsma\u00dfnahmen in Bezug auf diesen Steueranspruch ein, als w\u00e4re der Steueranspruch ein Steueranspruch dieses anderen Staates, selbst wenn der Steueranspruch im Zeitpunkt der Einleitung dieser Ma\u00dfnahmen im erstgenannten Staat nicht vollstreckbar ist oder von einer Person geschuldet wird, die berechtigt ist, die Erhebung zu verhindern.<\/td>\n<td width=\"307\">(4) Lorsqu\u2019une cr\u00e9ance fiscale d\u2019un Etat contractant est une cr\u00e9ance \u00e0 l\u2019\u00e9gard de laquelle cet Etat peut, en vertu de sa l\u00e9gislation, prendre des mesures conservatoires pour assurer son recouvrement, cette cr\u00e9ance doit, \u00e0 la demande des autorit\u00e9s comp\u00e9tentes de cet Etat, \u00eatre accept\u00e9e aux fins de l\u2019adoption de mesures conservatoires par les autorit\u00e9s comp\u00e9tentes de l\u2019autre Etat contractant. Cet autre Etat doit prendre des mesures conservatoires \u00e0 l\u2019\u00e9gard de cette cr\u00e9ance fiscale conform\u00e9ment aux dispositions de sa l\u00e9gislation comme s\u2019il s\u2019agissait d\u2019une cr\u00e9ance fiscale de cet autre Etat m\u00eame si, au moment o\u00f9 ces mesures sont appliqu\u00e9es, la cr\u00e9ance fiscale n\u2019est pas recouvrable dans le premier Etat ou est due par une personne qui a le droit d\u2019emp\u00eacher son recouvrement.<\/td>\n<\/tr>\n<tr>\n<td width=\"307\">(5) Ungeachtet der Abs\u00e4tze 3 und 4 unterliegt ein von einem Vertragsstaat f\u00fcr Zwecke der Abs\u00e4tze 3 oder 4 anerkannter Steueranspruch als solcher in diesem Staat nicht den Verj\u00e4hrungsfristen oder den Bestimmungen \u00fcber vorrangige Behandlung eines Steueranspruchs nach dem Recht dieses Staates. Ferner hat ein Steueranspruch, der von einem Vertragsstaat f\u00fcr Zwecke der Abs\u00e4tze 3 oder 4 anerkannt wurde, in diesem Staat nicht den Vorrang, den dieser Steueranspruch nach dem Recht des anderen Vertragsstaats hat.<\/td>\n<td width=\"307\">(5) Nonobstant les dispositions des paragraphes (3) et (4), les d\u00e9lais de prescription et la priorit\u00e9 applicables, en vertu de la l\u00e9gislation d\u2019un Etat contractant, \u00e0 une cr\u00e9ance fiscale en raison de sa nature en tant que telle ne s\u2019appliquent pas \u00e0 une cr\u00e9ance fiscale accept\u00e9e par cet Etat aux fins des paragraphes (3) ou (4). En outre, une cr\u00e9ance fiscale accept\u00e9e par un Etat contractant aux fins du paragraphe (3) ou (4) ne peut se voir appliquer aucune priorit\u00e9 dans cet Etat en vertu de la l\u00e9gislation de l\u2019autre Etat contractant.<\/td>\n<\/tr>\n<tr>\n<td width=\"307\">(6) Verfahren im Zusammenhang mit dem Bestehen, der G\u00fcltigkeit oder der H\u00f6he des Steueranspruchs eines Vertragsstaats k\u00f6nnen nicht bei den Gerichten oder Verwaltungsbeh\u00f6rden des anderen Vertragsstaats eingeleitet werden.<\/td>\n<td width=\"307\">(6) Les proc\u00e9dures concernant l\u2019existence, la validit\u00e9 ou le montant d\u2019une cr\u00e9ance fiscale d\u2019un Etat contractant ne sont pas soumises aux tribunaux ou organismes administratifs de l\u2019autre Etat contractant.<\/td>\n<\/tr>\n<tr>\n<td width=\"307\">(7) Verliert der betreffende Steueranspruch, nachdem das Ersuchen eines Vertragsstaats nach den Abs\u00e4tzen 3 oder 4 gestellt wurde und bevor der andere Vertragsstaat den betreffenden Steueranspruch erhoben und an den erstgenannten Staat ausgezahlt hat,<\/td>\n<td width=\"307\">(7) Lorsqu\u2019\u00e0 tout moment apr\u00e8s qu\u2019une demande a \u00e9t\u00e9 formul\u00e9e par un Etat contractant en vertu des paragraphes (3) ou (4) et avant que l\u2019autre Etat ait recouvr\u00e9 et transmis le<\/p>\n<p>montant de la cr\u00e9ance fiscale en question au premier Etat, cette cr\u00e9ance fiscale cesse d\u2019\u00eatre :<\/td>\n<\/tr>\n<tr>\n<td width=\"307\">a) im Falle eines Ersuchens nach Absatz 3 seine Eigenschaft als Steueranspruch des erstgenannten Staates, der nach dem Recht dieses Staates vollstreckbar ist und von einer Person geschuldet wird, die zu diesem Zeitpunkt nach dem Recht dieses Staates die Erhebung nicht verhindern kann, oder<\/td>\n<td width=\"307\">a) dans le cas d\u2019une demande pr\u00e9sent\u00e9e en vertu du paragraphe (3), une cr\u00e9ance fiscale du premier Etat qui est recouvrable en vertu des lois de cet Etat et est due par une personne qui, \u00e0 ce moment, ne peut, en vertu des lois de cet Etat, emp\u00eacher son recouvrement, ou<\/td>\n<\/tr>\n<tr>\n<td width=\"307\">b) im Falle eines Ersuchens nach Absatz 4 seine Eigenschaft als Steueranspruch des erstgenannten Staates, f\u00fcr den dieser Staat nach seinem Recht Ma\u00dfnahmen zur Sicherung der Erhebung einleiten kann,<\/p>\n<p>teilt die zust\u00e4ndige Beh\u00f6rde des erstgenannten Staates dies der zust\u00e4ndigen Beh\u00f6rde des anderen Staates unverz\u00fcglich mit und nach Wahl des anderen Staates setzt der erstgenannte Staat das Ersuchen entweder aus oder nimmt es zur\u00fcck.<\/td>\n<td width=\"307\">b)dans le cas d\u2019une demande pr\u00e9sent\u00e9e en vertu du paragraphe (4), une cr\u00e9ance fiscale du premier Etat \u00e0 l\u2019\u00e9gard de laquelle cet Etat peut, en vertu de sa l\u00e9gislation, prendre des mesures conservatoires pour assurer son recouvrement<\/p>\n<p>les autorit\u00e9s comp\u00e9tentes du premier Etat notifient promptement ce fait aux autorit\u00e9s comp\u00e9tentes de l\u2019autre Etat et le premier Etat, au choix de l\u2019autre Etat, suspend ou retire sa demande.<\/td>\n<\/tr>\n<tr>\n<td width=\"307\">(8) Dieser Artikel ist in keinem Fall so auszulegen, als verpflichte er einen Vertragsstaat,<\/td>\n<td width=\"307\">(8) Les dispositions du pr\u00e9sent article ne peuvent en aucun cas \u00eatre interpr\u00e9t\u00e9es comme imposant \u00e0 un Etat contractant l\u2019obligation :<\/p>\n<p>&nbsp;<\/td>\n<\/tr>\n<tr>\n<td width=\"307\">a) Verwaltungsma\u00dfnahmen durchzuf\u00fchren, die von den Gesetzen und der Verwaltungspraxis dieses oder des anderen Vertragsstaats abweichen;<\/td>\n<td width=\"307\">a) de prendre des mesures administratives d\u00e9rogeant \u00e0 sa l\u00e9gislation et \u00e0 sa pratique administrative ou \u00e0 celles de l\u2019autre Etat contractant ;<\/td>\n<\/tr>\n<tr>\n<td width=\"307\">b) Ma\u00dfnahmen durchzuf\u00fchren, die der \u00f6ffentlichen Ordnung widerspr\u00e4chen;<\/td>\n<td width=\"307\">b) de prendre des mesures qui seraient contraires \u00e0 l\u2019ordre public ;<\/td>\n<\/tr>\n<tr>\n<td width=\"307\">c) Amtshilfe zu leisten, wenn der andere Vertragsstaat nicht alle angemessenen Ma\u00dfnahmen zur Erhebung oder gegebenenfalls Sicherung ausgesch\u00f6pft hat, die nach seinen Gesetzen oder seiner Verwaltungspraxis m\u00f6glich sind;<\/td>\n<td width=\"307\">c) de pr\u00eater assistance si l\u2019autre Etat contractant n\u2019a pas pris toutes les mesures raisonnables de recouvrement ou de conservation, selon le cas, qui sont disponibles en vertu de sa l\u00e9gislation ou de sa pratique administrative ;<\/td>\n<\/tr>\n<tr>\n<td width=\"307\">d) Amtshilfe zu leisten, wenn der Verwaltungsaufwand f\u00fcr diesen Staat im Vergleich zum sich daraus ergebenden Vorteil f\u00fcr den anderen Vertragsstaat unverh\u00e4ltnism\u00e4\u00dfig hoch ist.\u201c<\/td>\n<td width=\"307\">d)de pr\u00eater assistance dans les cas o\u00f9 la charge administrative qui en r\u00e9sulte pour cet Etat est nettement disproportionn\u00e9e par rapport aux avantages qui peuvent en \u00eatre tir\u00e9s par l\u2019autre Etat contractant.<\/td>\n<\/tr>\n<tr>\n<td width=\"307\"><strong>Artikel 24<\/strong><\/td>\n<td width=\"307\"><strong>Article 24<\/strong><\/td>\n<\/tr>\n<tr>\n<td width=\"307\">(1) F\u00fcr die Mitglieder der diplomatischen und konsularischen Vertretungen der beiden Vertragstaaten gelten die folgenden besonderen Vorschriften. Diese Mitglieder werden im Empfangsstaate zu den in Artikel 1 bezeichneten Steuern nur mit den in den Artikeln 3 und 7 genannten Eink\u00fcnften und den in Artikel 19 Abs\u00e4tze 1, 2, 3 und 4 behandelten Verm\u00f6gen herangezogen oder soweit die Steuer im Abzugsweg (an der Quelle) erhoben wird. Dies gilt auch f\u00fcr Personen, die in den Diensten dieser Vertretungen oder ihrer Mitglieder stehen.<\/td>\n<td width=\"307\">(1) Les dispositions particuli\u00e8res ci-apr\u00e8s sont applicables aux membres des repr\u00e9sentations diplomatiques et consulaires des deux \u00c9tats contractants.<br \/>\nCes membres ne seront assujettis aux imp\u00f4ts vis\u00e9s \u00e0 l&rsquo;article 1er, dans l&rsquo;Etat aupr\u00e8s duquel ils sont accr\u00e9dit\u00e9s, que pour les revenus sp\u00e9cifi\u00e9s aux articles 3 et 7 et pour la fortune mentionn\u00e9e aux paragraphes (1), (2), (3) et (4) de l&rsquo;article 19, ou dans la mesure o\u00f9 l&rsquo;imp\u00f4t est per\u00e7u par voie de retenue \u00e0 la source. Cette disposition est \u00e9galement applicable aux personnes qui sont au service de ces repr\u00e9sentations ou de leurs membres.<\/td>\n<\/tr>\n<tr>\n<td width=\"307\">(2) Absatz (1) gilt f\u00fcr die genannten Personen nur, wenn sie die Staatsangeh\u00f6rigkeit des Entsendestaates besitzen und au\u00dferhalb ihres Amtes oder Dienstes im anderen Staate keinen Beruf, kein Gewerbe und keine andere, nicht nur gelegentliche gewinnbringende T\u00e4tigkeit aus\u00fcben.<\/td>\n<td width=\"307\">(2) Les dispositions du paragraphe (1) ne sont applicables auxdites personnes que si elles ont la nationalit\u00e9 de l&rsquo;\u00c9tat repr\u00e9sent\u00e9 et dans la mesure o\u00f9 elles n&rsquo;exercent en dehors de leurs fonctions ou de leur service, aucun m\u00e9tier ou commerce et aucune autre activit\u00e9 lucrative non point seulement occasionnelle, dans l&rsquo;autre \u00c9tat.<\/td>\n<\/tr>\n<tr>\n<td width=\"307\">(3) F\u00fcr Wahlkonsuln gelten die Abs\u00e4tze (1) und (2) nicht. Wahlkonsuln, die nur die Staatsangeh\u00f6rigkeit des Entsendestaates besitzen, werden mit ihren Dienstbez\u00fcgen, die sie als Entgelt f\u00fcr die T\u00e4tigkeit als Konsuln erhalten, im Empfangsstaate nicht zu den Steuern vom Einkommen herangezogen.<\/td>\n<td width=\"307\">(3) Les dispositions des paragraphes (1) et (2) ne sont pas applicables aux consuls \u00e9lus. Les consuls \u00e9lus qui ne poss\u00e8dent d&rsquo;autre nationalit\u00e9 que celle de l&rsquo;Etat repr\u00e9sent\u00e9 ne sont pas soumis aux imp\u00f4ts sur le revenu dans l&rsquo;Etat o\u00f9 ils sont accr\u00e9dit\u00e9s sur les \u00e9moluments qu&rsquo;ils per\u00e7oivent \u00e0 titre d&rsquo;indemnit\u00e9 pour leurs fonctions consulaires.<\/td>\n<\/tr>\n<tr>\n<td width=\"307\">(4) Werden auf Grund dieses Artikels die Eink\u00fcnfte oder das Verm\u00f6gen im Empfangsstaate nicht besteuert, so bleibt ihre Besteuerung dem Entsendestaate vorbehalten.<\/td>\n<td width=\"307\">(4) Lorsqu&rsquo;en vertu du pr\u00e9sent article, les revenus ou la fortune ne sont pas impos\u00e9s dans l&rsquo;Etat o\u00f9 le repr\u00e9sentant est accr\u00e9dit\u00e9, l&rsquo;\u00c9tat repr\u00e9sent\u00e9 conserve le droit de les imposer.<\/td>\n<\/tr>\n<tr>\n<td width=\"307\">(5) Dieser Artikel ber\u00fchrt nicht die weitergehenden Befreiungen, die gegebenenfalls nach allgemeinen Regeln des V\u00f6lkerrechts oder besonderen Vereinbarungen den diplomatischen oder konsularischen Beamten gew\u00e4hrt werden; soweit auf Grund dieser weitergehenden Befreiungen Eink\u00fcnfte oder Verm\u00f6gen im Empfangsstaate nicht besteuert werden, bleibt ihre Besteuerung dem Entsendestaate vorbehalten.<\/td>\n<td width=\"307\">(5) Les dispositions du pr\u00e9sent article ne portent pas atteinte aux exemptions plus larges qui seraient \u00e9ventuellement accord\u00e9es aux agents diplomatiques et consulaires, en vertu des r\u00e8gles g\u00e9n\u00e9rales du droit des gens ou de conventions particuli\u00e8res; lorsque les agents dont il s&rsquo;agit sont de ce fait exon\u00e9r\u00e9s, dans l&rsquo;Etat o\u00f9 ils sont accr\u00e9dit\u00e9s, des imp\u00f4ts sur le revenu ou sur la fortune, l&rsquo;\u00c9tat repr\u00e9sent\u00e9 conserve le droit de les imposer.<\/td>\n<\/tr>\n<tr>\n<td width=\"307\"><strong>Artikel 25<\/strong><\/td>\n<td width=\"307\"><strong>Article 25<\/strong><\/td>\n<\/tr>\n<tr>\n<td width=\"307\">(1) Ist eine Person der Auffassung, dass Ma\u00dfnahmen eines Vertragsstaats oder beider Vertragsstaaten f\u00fcr sie zu einer Besteuerung f\u00fchren oder f\u00fchren werden, die diesem Abkommen nicht entspricht, so kann sie unbeschadet der nach dem innerstaatlichen Recht dieser Staaten vorgesehenen Rechtsmittel ihren Fall der zust\u00e4ndigen Beh\u00f6rde des Vertragsstaats, in dem sie ans\u00e4ssig ist, oder, sofern ihr Fall von Artikel 21 Absatz 1 erfasst wird, der zust\u00e4ndigen Beh\u00f6rde des Vertragsstaats unterbreiten, dessen Staatsangeh\u00f6riger sie ist. Der Fall muss innerhalb von drei Jahren nach der ersten Mitteilung der Ma\u00dfnahme unterbreitet werden, die zu einer dem Abkommen nicht entsprechenden Besteuerung f\u00fchrt.<\/td>\n<td width=\"307\">(1) Lorsqu&rsquo;une personne estime que les mesures prises par un Etat contractant ou par les deux Etats contractants entra\u00eenent ou entra\u00eeneront pour elle une imposition non conforme aux dispositions de la pr\u00e9sente Convention, elle peut, ind\u00e9pendamment des recours pr\u00e9vus par le droit interne de ces Etats, soumettre son cas \u00e0 l&rsquo;autorit\u00e9 comp\u00e9tente de l&rsquo;Etat contractant dont elle est un r\u00e9sident ou, si son cas rel\u00e8ve du paragraphe (1) de l&rsquo;article 21, \u00e0 celle de l&rsquo;Etat contractant dont elle poss\u00e8de la nationalit\u00e9. Le cas doit \u00eatre soumis dans les trois ans qui suivent la premi\u00e8re notification de la mesure qui entra\u00eene une imposition non conforme aux dispositions de la Convention.<\/td>\n<\/tr>\n<tr>\n<td width=\"307\">(2) H\u00e4lt die zust\u00e4ndige Beh\u00f6rde die Einwendung f\u00fcr begr\u00fcndet und ist sie selbst nicht in der Lage, eine befriedigende L\u00f6sung herbeizuf\u00fchren, so wird sie sich bem\u00fchen, den Fall in gegenseitigem Einvernehmen mit der zust\u00e4ndigen Beh\u00f6rde des anderen Vertragsstaats so zu regeln, dass eine dem Abkommen nicht entsprechende Besteuerung vermieden wird. Die einvernehmliche Regelung ist ungeachtet der Fristen des innerstaatlichen Rechts der Vertragsstaaten durchzuf\u00fchren.<\/td>\n<td width=\"307\">(2) L&rsquo;autorit\u00e9 comp\u00e9tente s&rsquo;efforce, si la r\u00e9clamation lui para\u00eet fond\u00e9e et si elle n&rsquo;est pas elle-m\u00eame en mesure d&rsquo;y apporter une solution satisfaisante, de r\u00e9soudre le cas par voie d&rsquo;accord amiable avec l&rsquo;autorit\u00e9 comp\u00e9tente de l&rsquo;autre Etat contractant, en vue d&rsquo;\u00e9viter une imposition non conforme \u00e0 la Convention. L&rsquo;accord est appliqu\u00e9 quels que soient les d\u00e9lais pr\u00e9vus par le droit interne des Etats contractants.<\/td>\n<\/tr>\n<tr>\n<td width=\"307\">(3) Die zust\u00e4ndigen Beh\u00f6rden der Vertragsstaaten werden sich bem\u00fchen, Schwierigkeiten oder Zweifel, die bei der Auslegung oder Anwendung des Abkommens entstehen, in gegenseitigem Einvernehmen zu beseitigen. Sie k\u00f6nnen auch gemeinsam dar\u00fcber beraten, wie eine Doppelbesteuerung in F\u00e4llen vermieden werden kann, die im Abkommen nicht behandelt sind.<\/td>\n<td width=\"307\">(3) Les autorit\u00e9s comp\u00e9tentes des Etats contractants s&rsquo;efforcent, par voie d&rsquo;accord amiable, de r\u00e9soudre les difficult\u00e9s ou de dissiper les doutes auxquels peuvent donner lieu l&rsquo;interpr\u00e9tation ou l&rsquo;application de la Convention. Elles peuvent aussi se concerter en vue d&rsquo;\u00e9liminer la double imposition dans les cas non pr\u00e9vus par la Convention.<\/p>\n<p>&nbsp;<\/td>\n<\/tr>\n<tr>\n<td width=\"307\">(4) Die zust\u00e4ndigen Beh\u00f6rden der Vertragsstaaten k\u00f6nnen zur Herbeif\u00fchrung einer Einigung im Sinne der vorstehenden Abs\u00e4tze unmittelbar miteinander verkehren, gegebenenfalls durch eine aus ihnen oder ihren Vertretern bestehende gemeinsame Kommission.<\/td>\n<td width=\"307\">(4) Les autorit\u00e9s comp\u00e9tentes des Etats contractants peuvent communiquer directement entre elles, y compris au sein d&rsquo;une commission mixte compos\u00e9e de ces autorit\u00e9s ou de leurs repr\u00e9sentants, en vue de parvenir \u00e0 un accord comme il est indiqu\u00e9 aux paragraphes pr\u00e9c\u00e9dents.<\/td>\n<\/tr>\n<tr>\n<td width=\"307\">(5) Soweit<\/td>\n<td width=\"307\">(5) Lorsque<\/td>\n<\/tr>\n<tr>\n<td width=\"307\">a) eine Person einen Fall nach Absatz 1 der zust\u00e4ndigen Beh\u00f6rde eines Vertragsstaats unterbreitet hat, weil die Ma\u00dfnahmen eines Vertragsstaats oder beider Vertragsstaaten f\u00fcr sie zu einer diesem Abkommen nicht entsprechenden Besteuerung f\u00fchrten, und<\/td>\n<td width=\"307\">a) en vertu du paragraphe (1), une personne a soumis un cas \u00e0 l\u2019autorit\u00e9 comp\u00e9tente d\u2019un Etat contractant en se fondant sur le fait que les mesures prises par un Etat contractant ou par les deux Etats contractants ont entra\u00een\u00e9 pour cette personne une imposition non conforme aux dispositions de la pr\u00e9sente Convention, et que<\/td>\n<\/tr>\n<tr>\n<td width=\"307\">b) die zust\u00e4ndigen Beh\u00f6rden nicht innerhalb von drei Jahren ab Vorlage des Falles bei der zust\u00e4ndigen Beh\u00f6rde des anderen Vertragsstaats eine Einigung zur L\u00f6sung des Falles nach Absatz 2 erzielen k\u00f6nnen,<\/td>\n<td width=\"307\">b) les autorit\u00e9s comp\u00e9tentes ne parviennent pas \u00e0 un accord permettant de r\u00e9soudre ce cas en vertu du paragraphe (2) dans un d\u00e9lai de trois ans \u00e0 compter de la pr\u00e9sentation du cas \u00e0 l\u2019autorit\u00e9 comp\u00e9tente de l\u2019autre Etat contractant,<\/td>\n<\/tr>\n<tr>\n<td width=\"307\">werden ungel\u00f6ste Streitfragen des Falles auf Antrag der Person einem Schiedsverfahren unterworfen. Diese ungel\u00f6sten Streitfragen werden jedoch nicht einem Schiedsverfahren unterworfen, wenn ein (Verwaltungs-)Gericht eines der beiden Staaten bereits \u00fcber sie entschieden hat. Sofern die einvernehmliche Regelung zur Umsetzung der schiedsrichterlichen Entscheidung nicht von einer unmittelbar von dem Fall betroffenen Person abgelehnt wird, ist diese Entscheidung f\u00fcr beide Vertragsstaaten bindend und ungeachtet der Fristen des innerstaatlichen Rechts dieser Staaten umzusetzen. Die zust\u00e4ndigen Beh\u00f6rden der Vertragsstaaten regeln in gegenseitigem Einvernehmen, wie dieser Absatz durchzuf\u00fchren ist.<\/td>\n<td width=\"307\">les questions non r\u00e9solues soulev\u00e9es par ce cas sont soumises \u00e0 arbitrage \u00e0 la demande de la personne. Ces questions non r\u00e9solues ne sont toutefois pas soumises \u00e0 arbitrage si une d\u00e9cision sur ces questions a d\u00e9j\u00e0 \u00e9t\u00e9 rendue par un tribunal judiciaire ou administratif de l\u2019un des Etats. \u00c0 moins qu\u2019une personne directement concern\u00e9e par le cas n\u2019accepte pas l\u2019accord amiable par lequel la d\u00e9cision d\u2019arbitrage est appliqu\u00e9e, cette d\u00e9cision lie les deux Etats contractants et doit \u00eatre appliqu\u00e9e quels que soient les d\u00e9lais pr\u00e9vus par le droit interne de ces Etats. Les autorit\u00e9s comp\u00e9tentes des Etats contractants r\u00e8glent par accord amiable les modalit\u00e9s d\u2019application du pr\u00e9sent paragraphe.<\/td>\n<\/tr>\n<tr>\n<td width=\"307\"><strong>Artikel 25 b<\/strong><\/td>\n<td width=\"307\"><strong>Article 25b<\/strong><\/td>\n<\/tr>\n<tr>\n<td width=\"307\">(1) Werden in einem Vertragsstaat die Steuern von Dividenden, Zinsen, Lizenzgeb\u00fchren oder sonstigen von einer im anderen Vertragsstaat ans\u00e4ssigen Person bezogenen Eink\u00fcnften im Abzugsweg (an der Quelle) erhoben, so wird das Recht des erstgenannten Staates zur Vornahme des Steuerabzugs zu dem nach seinem innerstaatlichen Recht vorgesehenen Satz durch dieses Abkommen nicht ber\u00fchrt. Die im Abzugsweg (an der Quelle) erhobene Steuer ist jedoch auf Antrag des Steuerpflichtigen zu erstatten, wenn und soweit sie durch das Abkommen erm\u00e4\u00dfigt wird oder entf\u00e4llt. Der Empf\u00e4nger kann jedoch die unmittelbare Anwendung des Abkommens im Zeitpunkt der Zahlung beantragen, wenn das innerstaatliche Recht des betreffenden Staates dies zul\u00e4\u00dft.<\/td>\n<td width=\"307\">(1) Lorsque dans un Etat contractant les dividendes, les int\u00e9r\u00eats, les redevances ou tout autre revenu, per\u00e7us par un r\u00e9sident de l&rsquo;autre Etat contractant, sont impos\u00e9s par voie de retenue \u00e0 la source, les dispositions de la pr\u00e9sente Convention n&rsquo;affectent pas le droit, pour le premier Etat, d&rsquo;appliquer la retenue au taux pr\u00e9vu par sa l\u00e9gislation interne. Cette retenue doit \u00eatre rembours\u00e9e, \u00e0 la demande de l&rsquo;int\u00e9ress\u00e9, si et dans la mesure o\u00f9 elle est r\u00e9duite ou supprim\u00e9e par la Convention. Toutefois, le b\u00e9n\u00e9ficiaire peut demander l&rsquo;application directe, au moment du paiement, des dispositions de la Convention lorsque la l\u00e9gislation interne de l&rsquo;Etat concern\u00e9 le permet.<\/p>\n<p>&nbsp;<\/td>\n<\/tr>\n<tr>\n<td width=\"307\">(2) Die Antr\u00e4ge auf Erstattung m\u00fcssen vor dem Ende des vierten auf das Kalenderjahr der Zahlung der Dividenden, Zinsen, Lizenzgeb\u00fchren oder anderen Eink\u00fcnfte folgenden Jahres eingereicht werden.<\/td>\n<td width=\"307\">(2) Les demandes de remboursement doivent \u00eatre pr\u00e9sent\u00e9es avant la fin de la quatri\u00e8me ann\u00e9e civile suivant celle au cours de laquelle les dividendes, int\u00e9r\u00eats, redevances ou autres revenus ont \u00e9t\u00e9 pay\u00e9s.<\/td>\n<\/tr>\n<tr>\n<td width=\"307\">(3) Die Steuerpflichtigen m\u00fcssen jedem nach Absatz 1 eingereichten Antrag eine Wohnsitzbest\u00e4tigung von den Steuerbeh\u00f6rden des Vertragsstaats beif\u00fcgen, in dem sie ans\u00e4ssig sind.<\/td>\n<td width=\"307\">(3) Les contribuables doivent joindre \u00e0 toute demande pr\u00e9sent\u00e9e conform\u00e9ment aux dispositions du paragraphe (1) une attestation de r\u00e9sidence certifi\u00e9e par les services fiscaux de l&rsquo;Etat contractant dont ils sont des r\u00e9sidents.<\/td>\n<\/tr>\n<tr>\n<td width=\"307\">(4) Eine Einrichtung f\u00fcr die kollektive Anlage in Wertpapieren (O.P.C.V.M.), die in einem Vertragsstaat liegt, in dem sie keiner der in Artikel 1 Absatz 2 Nummer 1 Buchstabe c oder Absatz 2 Nummer 2 Buchstabe b genannten Steuern unterliegt, und die aus Quellen im anderen Vertragsstaat stammende Dividenden oder Zinsen bezieht, kann die Steuererm\u00e4\u00dfigungen oder -befreiungen oder anderen im Abkommen vorgesehenen Verg\u00fcnstigungen f\u00fcr den Teil dieser Eink\u00fcnfte global beantragen, der den Rechten entspricht, die im erstgenannten Staat ans\u00e4ssige Personen an der Einrichtung (O.P.C.V.M.) halten.<\/td>\n<td width=\"307\">(4) Un organisme de placement collectif en valeurs mobili\u00e8res (O.P.C.V.M.) situ\u00e9 dans un Etat contractant o\u00f9 il n&rsquo;est pas assujetti \u00e0 un imp\u00f4t vis\u00e9 \u00e0 l&rsquo;article 1<sup>er<\/sup>, paragraphe (2) 1.c) ou paragraphe (2) 2.b), qui per\u00e7oit des dividendes ou des int\u00e9r\u00eats ayant leur source dans l&rsquo;autre Etat contractant, peut demander globalement les r\u00e9ductions, exon\u00e9rations d&rsquo;imp\u00f4t ou autres avantages pr\u00e9vus par la Convention pour la fraction de ces revenus correspondants aux droits d\u00e9tenus dans l&rsquo;O.P.C.V.M. par des r\u00e9sidents du premier Etat.<\/p>\n<p>&nbsp;<\/td>\n<\/tr>\n<tr>\n<td width=\"307\">(5) Die zust\u00e4ndigen Beh\u00f6rden k\u00f6nnen in gegenseitigem Einvernehmen die Durchf\u00fchrung dieses Artikels regeln und gegebenenfalls andere Verfahren zur Durchf\u00fchrung der im Abkommen vorgesehenen Steuererm\u00e4\u00dfigungen oder -befreiungen festlegen.<\/td>\n<td width=\"307\">(5) Les autorit\u00e9s comp\u00e9tentes peuvent, d&rsquo;un commun accord, pr\u00e9ciser les modalit\u00e9s d&rsquo;application du pr\u00e9sent article et d\u00e9finir, le cas \u00e9ch\u00e9ant, d&rsquo;autres proc\u00e9dures relatives aux r\u00e9ductions ou exon\u00e9rations d&rsquo;imp\u00f4t pr\u00e9vues par la Convention.\u00bb<\/td>\n<\/tr>\n<tr>\n<td width=\"307\"><strong>Artikel 26<\/strong><\/td>\n<td width=\"307\"><strong>Article 26<\/strong><\/td>\n<\/tr>\n<tr>\n<td width=\"307\">(1) Die zust\u00e4ndigen Beh\u00f6rden der Vertragstaaten werden die Verwaltungsma\u00dfnahmen treffen, die f\u00fcr die Anwendung dieses Abkommens notwendig sind.<\/td>\n<td width=\"307\">(1) Les autorit\u00e9s comp\u00e9tentes des \u00c9tats contractants arr\u00eateront les mesures administratives n\u00e9cessaires pour l&rsquo;application de la pr\u00e9sente convention.<\/td>\n<\/tr>\n<tr>\n<td width=\"307\">(2) Diese Beh\u00f6rden k\u00f6nnen durch Vereinbarung die Ma\u00dfnahmen der Amts- und Rechtshilfe, die in den Artikeln 22 und 23 vorgesehen sind, ausdehnen auf die Veranlagung und Erhebung von<\/td>\n<td width=\"307\">(2) Ces m\u00eames autorit\u00e9s pourront, d&rsquo;une commune entente, d\u00e9cider d&rsquo;\u00e9tendre les mesures d&rsquo;assistance administrative et juridique pr\u00e9vues aux articles 22 et 23 \u00e0 l&rsquo;assiette et au recouvrement:<\/td>\n<\/tr>\n<tr>\n<td width=\"307\">\n<ol>\n<li>Steuern, die in Artikel 1 dieses Abkommens bezeichnet sind und sich auf einen vor dem Inkrafttreten des Abkommens liegenden Zeitraum beziehen;<\/li>\n<\/ol>\n<\/td>\n<td width=\"307\">\n<ol>\n<li>des imp\u00f4ts vis\u00e9s \u00e0 l&rsquo;article 1 de la pr\u00e9sente convention et se rapportant \u00e0 une p\u00e9riode ant\u00e9rieure \u00e0 l&rsquo;entr\u00e9e en vigueur de la convention;<\/li>\n<\/ol>\n<\/td>\n<\/tr>\n<tr>\n<td width=\"307\">\n<ol>\n<li>Steuern und Abgaben, die nicht unter Artikel 1 bezeichnet sind.<\/li>\n<\/ol>\n<\/td>\n<td width=\"307\">\n<ol>\n<li>des imp\u00f4ts et taxes autres que ceux vis\u00e9s \u00e0 l&rsquo;article 1.<\/li>\n<\/ol>\n<\/td>\n<\/tr>\n<tr>\n<td width=\"307\">(3) Die zust\u00e4ndigen Beh\u00f6rden werden sich dar\u00fcber verst\u00e4ndigen, da\u00df die in den Artikeln 8, 9 und 20 dieses Abkommens vorgesehenen Ma\u00dfnahmen nicht Personen zugute kommen, die nicht in der Bundesrepublik ans\u00e4ssig sind.<\/td>\n<td width=\"307\">(3) Les autorit\u00e9s comp\u00e9tentes s&rsquo;entendront pour que les mesures pr\u00e9vues aux articles 8, 9 et 20 de la pr\u00e9sente convention ne b\u00e9n\u00e9ficient pas \u00e0 des personnes qui ne seraient pas r\u00e9sidents de la R\u00e9publique F\u00e9d\u00e9rale.<\/td>\n<\/tr>\n<tr>\n<td width=\"307\"><strong>Artikel 27<\/strong><\/td>\n<td width=\"307\"><strong>Article 27<\/strong><\/td>\n<\/tr>\n<tr>\n<td width=\"307\">(1) Die Anwendung der Vorschriften dieses Abkommens kann ganz oder teilweise mit den gegebenenfalls als notwendig erachteten \u00c4nderungen auf jedes Gebiet ausgedehnt werden, f\u00fcr dessen internationale Beziehungen Frankreich verantwortlich ist, und in dem Steuern erhoben werden, die den Steuern im Sinne dieses Abkommens entsprechen.<\/td>\n<td width=\"307\">(1) L&rsquo;application des dispositions de la pr\u00e9sente convention pourra \u00eatre \u00e9tendue soit en totalit\u00e9, soit en partie, avec les ajustements qui seraient \u00e9ventuellement jug\u00e9s n\u00e9cessaires, \u00e0 tout territoire dont la France assume les relations internationales et qui per\u00e7oit des imp\u00f4ts de m\u00eame nature que ceux faisant l&rsquo;objet de ladite convention.<\/td>\n<\/tr>\n<tr>\n<td width=\"307\">(2) Die in Absatz (1) vorgesehene Ausdehnung des Geltungsbereichs wird von den Vertragstaaten durch Noten festgelegt, die auf diplomatischem Wege ausgetauscht werden; in diesen Noten werden das Gebiet, auf das der Geltungsbereich ausgedehnt werden soll, und die Voraussetzungen f\u00fcr die Ausdehnung niedergelegt. Die Vorschriften, die auf Grund des vorstehend erw\u00e4hnten Notenwechsels ganz oder teilweise oder mit den gegebenenfalls notwendigen \u00c4nderungen in ihrem Geltungsbereich ausgedehnt werden, werden in dem bezeichneten Gebiete mit Wirkung von dem in den Noten bestimmten Datum angewandt.<\/td>\n<td width=\"307\">(2) L&rsquo;extension du champ d&rsquo;application de la convention, pr\u00e9vue au paragraphe (1), sera r\u00e9alis\u00e9e par un \u00e9change, entre les \u00c9tats contractants, de notes diplomatiques qui d\u00e9signeront le territoire auquel s&rsquo;appliqueront les dispositions \u00e9tendues et pr\u00e9ciseront les conditions de cette extension. Les dispositions \u00e9tendues par l&rsquo;\u00e9change de notes susvis\u00e9, en totalit\u00e9 ou en partie ou avec les ajustements \u00e9ventuellement n\u00e9cessaires, s&rsquo;appliqueront au territoire d\u00e9sign\u00e9 \u00e0 compter inclusivement de la date qui sera sp\u00e9cifi\u00e9e dans les notes.<\/p>\n<p>&nbsp;<\/td>\n<\/tr>\n<tr>\n<td width=\"307\">(3) Nach Ablauf eines Jahres nach dem Zeitpunkt, in dem die Ausdehnung des Geltungsbereichs entsprechend den Abs\u00e4tzen (1) und (2) wirksam geworden ist, kann jeder der Vertragstaaten jederzeit durch schriftliche K\u00fcndigung, die dem anderen Staat auf diplomatischem Wege zugeleitet wird, die Anwendung der Vorschriften in jedem der Gebiete aufheben, f\u00fcr das eine Ausdehnung des Geltungsbereichs vorgesehen ist; in diesem Falle sind die Vorschriften in dem betreffenden Gebiete von dem auf die K\u00fcndigung folgenden 1. Januar an nicht mehr anzuwenden, ohne da\u00df dadurch die Anwendung dieser Vorschriften in Frankreich und in jedem anderen Gebiete ber\u00fchrt wird, auf das der Geltungsbereich ausgedehnt wurde und das im K\u00fcndigungsschreiben nicht erw\u00e4hnt ist.<\/td>\n<td width=\"307\">(3) A tout moment, apr\u00e8s l&rsquo;expiration d&rsquo;une p\u00e9riode d&rsquo;une ann\u00e9e \u00e0 compter de la date effective d&rsquo;une extension accord\u00e9e en vertu des paragraphes (1) et (2), l&rsquo;un ou l&rsquo;autre des \u00c9tats contractants pourra, par avis \u00e9crit de cessation donn\u00e9 \u00e0 l&rsquo;autre \u00c9tat contractant par la voie diplomatique, mettre fin \u00e0 l&rsquo;application des dispositions concernant l&rsquo;un quelconque des territoires auxquels elles auraient \u00e9t\u00e9 \u00e9tendues; dans ce cas, les dispositions cesseront d&rsquo;\u00eatre applicables \u00e0 ce territoire \u00e0 compter inclusivement du 1<sup>er<\/sup> janvier suivant la date de l&rsquo;avis, sans toutefois qu&rsquo;en soit affect\u00e9e l&rsquo;application desdites dispositions \u00e0 la France et \u00e0 tout autre territoire auquel elles auraient \u00e9t\u00e9 \u00e9tendues et qui ne serait pas mentionn\u00e9 dans l&rsquo;avis de cessation.<\/td>\n<\/tr>\n<tr>\n<td width=\"307\">(4) Sobald dieses Abkommen zwischen der Bundesrepublik und Frankreich nicht mehr gilt, gilt es auch nicht mehr gegen\u00fcber den Gebieten, auf die es nach diesem Artikel ausgedehnt worden ist, es sei denn, da\u00df die Vertragstaaten ausdr\u00fccklich etwas anderes bestimmen.<\/td>\n<td width=\"307\">(4) Lorsque les dispositions de la pr\u00e9sente convention cesseront d&rsquo;\u00eatre appliqu\u00e9es entre la R\u00e9publique F\u00e9d\u00e9rale et la France ces dispositions cesseront \u00e9galement de s&rsquo;appliquer \u00e0 tout territoire auquel elles auraient \u00e9t\u00e9 \u00e9tendues en vertu du pr\u00e9sent article, \u00e0 moins qu&rsquo;il n&rsquo;en ait \u00e9t\u00e9 d\u00e9cid\u00e9 autrement de fa\u00e7on expresse par les \u00c9tats contractants.<\/td>\n<\/tr>\n<tr>\n<td width=\"307\">(5) Bei der Anwendung dieses Abkommens auf ein Gebiet, auf das es ausgedehnt worden ist, gelten die Bezugnahmen des Abkommens auf Frankreich auch als Bezugnahmen auf das betreffende Gebiet.<\/td>\n<td width=\"307\">(5) Pour l&rsquo;application de la pr\u00e9sente convention dans tout territoire auquel elle aura \u00e9t\u00e9 \u00e9tendue, il y aura lieu, chaque fois que la convention se r\u00e9f\u00e8re \u00e0 la France, de consid\u00e9rer qu&rsquo;elle se r\u00e9f\u00e8re \u00e9galement audit territoire.<\/td>\n<\/tr>\n<tr>\n<td width=\"307\"><strong>Artikel 28<\/strong><\/td>\n<td width=\"307\"><strong>Article 28<\/strong><\/td>\n<\/tr>\n<tr>\n<td width=\"307\">(1) Dieses Abkommen gilt auch f\u00fcr das Land Berlin, sofern nicht die Regierung der Bundesrepublik Deutschland gegen\u00fcber der Regierung der Franz\u00f6sischen Republik innerhalb von drei Monaten nach Inkrafttreten des Abkommens eine gegenteilige Erkl\u00e4rung abgibt.<\/td>\n<td width=\"307\">(1) La pr\u00e9sente convention doit trouver \u00e9galement \u00e0 s&rsquo;appliquer au Land Berlin \u00e0 moins que le Gouvernement de la R\u00e9publique F\u00e9d\u00e9rale d&rsquo;Allemagne ne notifie au Gouvernement de la R\u00e9publique Fran\u00e7aise un avis contraire dans un d\u00e9lai de trois mois \u00e0 compter de son entr\u00e9e en vigueur.<\/td>\n<\/tr>\n<tr>\n<td width=\"307\">(2) Bei der Anwendung des Abkommens auf das Land Berlin gelten die Bezugnahmen auf die Bundesrepublik auch als Bezugnahmen auf das Land Berlin.<\/td>\n<td width=\"307\">(2) Pour l&rsquo;application de la pr\u00e9sente convention au Land Berlin, toute r\u00e9f\u00e9rence \u00e0 la R\u00e9publique F\u00e9d\u00e9rale s&rsquo;appliquera \u00e9galement \u00e0 ce Land.<\/p>\n<p>&nbsp;<\/td>\n<\/tr>\n<tr>\n<td width=\"307\"><strong>Artikel 29<\/strong><\/td>\n<td width=\"307\"><strong>Article 29<\/strong><\/td>\n<\/tr>\n<tr>\n<td width=\"307\">(1) Dieses Abkommen bedarf der Ratifizierung; die Ratifikationsurkunden sollen so bald wie m\u00f6glich in Bonn ausgetauscht werden.<\/td>\n<td width=\"307\">(1) La pr\u00e9sente convention sera ratifi\u00e9e et les instruments de ratification seront \u00e9chang\u00e9s \u00e0 Bonn dans le plus bref d\u00e9lai.<\/td>\n<\/tr>\n<tr>\n<td width=\"307\">(2) Dieses Abkommen tritt einen Monat nach Austausch der Ratifikationsurkunden in Kraft und ist erstmals anzuwenden auf<\/td>\n<td width=\"307\">(2) Elle entrera en vigueur un mois apr\u00e8s l&rsquo;\u00e9change des instruments de ratification, et ses dispositions s&rsquo;appliqueront pour la premi\u00e8re fois:<\/td>\n<\/tr>\n<tr>\n<td width=\"307\">\n<ol>\n<li>die im Abzugsweg (an der Quelle) erhobenen Steuern von Dividenden, Zinsen und sonstigen Ertr\u00e4gen, die in den Artikeln 9, 10 und 11 bezeichnet sind und die seit dem 1.\u00a0Januar 1958 gezahlt werden;<\/li>\n<\/ol>\n<\/td>\n<td width=\"307\">\n<ol>\n<li>aux imp\u00f4ts per\u00e7us par voie de retenue \u00e0 la source sur les dividendes, int\u00e9r\u00eats et autres produits vis\u00e9s aux articles 9, 10 et 11, dont la mise en paiement est intervenue depuis le 1<sup>er<\/sup> janvier 1958;<\/li>\n<\/ol>\n<\/td>\n<\/tr>\n<tr>\n<td width=\"307\">\n<ol>\n<li>die anderen franz\u00f6sischen Steuern, die f\u00fcr das Kalenderjahr 1957 festgesetzt werden;<\/li>\n<\/ol>\n<\/td>\n<td width=\"307\">\n<ol>\n<li>aux autres imp\u00f4ts fran\u00e7ais \u00e9tablis au titre de l&rsquo;ann\u00e9e civile 1957;<\/li>\n<\/ol>\n<\/td>\n<\/tr>\n<tr>\n<td width=\"307\">\n<ol>\n<li>die anderen deutschen Steuern, die f\u00fcr das Kalenderjahr 1957 erhoben werden.<\/li>\n<\/ol>\n<\/td>\n<td width=\"307\">\n<ol>\n<li>aux autres imp\u00f4ts allemands per\u00e7us pour l&rsquo;ann\u00e9e civile 1957.<\/li>\n<\/ol>\n<\/td>\n<\/tr>\n<tr>\n<td width=\"307\"><strong>Artikel 30<\/strong><\/td>\n<td width=\"307\"><strong>Article 30<\/strong><\/td>\n<\/tr>\n<tr>\n<td width=\"307\">(1) Dieses Abkommen bleibt auf unbestimmte Zeit in Kraft.<\/td>\n<td width=\"307\">(1) La pr\u00e9sente convention restera en vigueur pendant une dur\u00e9e ind\u00e9termin\u00e9e.<\/td>\n<\/tr>\n<tr>\n<td width=\"307\">(2) Vom 1. Januar 1962 an kann jeder der Vertragstaaten w\u00e4hrend der ersten vier Monate eines Kalenderjahres das Abkommen gegen\u00fcber dem anderen Vertragstaat auf diplomatischem Wege schriftlich k\u00fcndigen. In diesem Falle verliert das Abkommen seine G\u00fcltigkeit mit Wirkung vom 1. Januar des auf die K\u00fcndigung folgenden Jahres. Die Vorschriften des Abkommens sind dann letztmals anzuwenden auf<\/td>\n<td width=\"307\">(2) A partir du 1<sup>er<\/sup> janvier 1962, chacun des \u00c9tats contractants pourra notifier \u00e0 l&rsquo;autre \u00c9tat dans le courant des quatre premiers mois d&rsquo;une ann\u00e9e civile, par \u00e9crit et par la voie diplomatique, son intention d&rsquo;y mettre fin. Dans ce cas, la convention cessera de produire effet \u00e0 partir du l<sup>er<\/sup> janvier de l&rsquo;ann\u00e9e suivant la notification. Les dispositions de la convention seront alors applicables pour la derni\u00e8re fois:<\/td>\n<\/tr>\n<tr>\n<td width=\"307\">a) die im Abzugsweg (an der Quelle) erhobenen Steuern von Dividenden, Zinsen und sonstigen Ertr\u00e4gen, die in den Artikeln 9, 10 und 11 bezeichnet sind und die vor Ablauf des Kalenderjahres gezahlt werden, das dem Kalenderjahr vorangeht, von dem an das Abkommen seine G\u00fcltigkeit verliert;<\/td>\n<td width=\"307\">a) aux imp\u00f4ts per\u00e7us par voie de retenue \u00e0 la source sur les dividendes, int\u00e9r\u00eats et autres produits vis\u00e9s aux articles 9, 10 et 11 et dont la mise en paiement interviendra avant l&rsquo;expiration de l&rsquo;ann\u00e9e civile pr\u00e9c\u00e9dant celle \u00e0 compter de laquelle la convention cessera de produire effet;<\/td>\n<\/tr>\n<tr>\n<td width=\"307\">b) die anderen franz\u00f6sischen Steuern, die f\u00fcr das Kalenderjahr festgesetzt werden, das dem Kalenderjahr vorangeht, von dem an das Abkommen seine G\u00fcltigkeit verliert;<\/td>\n<td width=\"307\">b) aux autres imp\u00f4ts fran\u00e7ais \u00e9tablis au titre de l&rsquo;ann\u00e9e civile pr\u00e9c\u00e9dant celle \u00e0 compter de laquelle la convention cessera de produire effet;<\/td>\n<\/tr>\n<tr>\n<td width=\"307\">c) die anderen deutschen Steuern, die f\u00fcr das Kalenderjahr erhoben werden, das dem Kalenderjahr vorangeht, von dem an das Abkommen seine G\u00fcltigkeit verliert.<\/td>\n<td width=\"307\">c) aux autres imp\u00f4ts allemands per\u00e7us pour l&rsquo;ann\u00e9e civile pr\u00e9c\u00e9dant celle \u00e0 compter de laquelle la convention cessera de produire effet.<\/td>\n<\/tr>\n<tr>\n<td width=\"307\"><strong>Artikel 30a<\/strong><\/td>\n<td width=\"307\"><strong>Article 30a<\/strong><\/td>\n<\/tr>\n<tr>\n<td width=\"307\">(1) Die zust\u00e4ndigen Beh\u00f6rden eines Vertragstaates sind verpflichtet, den zust\u00e4ndigen Beh\u00f6rden des anderen Staates die \u00c4nderungen mitzuteilen, die in ihren Rechtsvorschriften \u00fcber die Besteuerung der Gesellschaften und der Aussch\u00fcttungen eingetreten sind. Diese Mitteilung soll nach Verk\u00fcndung dieser \u00c4nderungen gegeben werden.<\/td>\n<td width=\"307\">(1) Les autorit\u00e9s comp\u00e9tentes de chaque Etat contractant sont tenues d&rsquo;informer les autorit\u00e9s comp\u00e9tentes de l&rsquo;autre Etat des modifications apport\u00e9es \u00e0 leur l\u00e9gislation fiscale respective dans le domaine de l&rsquo;imposition des soci\u00e9t\u00e9s et des revenus distribu\u00e9s. Cette information doit \u00eatre donn\u00e9e d\u00e8s la promulgation de ces modifications.<\/td>\n<\/tr>\n<tr>\n<td width=\"307\">(2) Die Vertragstaaten werden sich miteinander ins Benehmen setzen, um bei den Bestimmungen dieses Abkommens die \u00c4nderungen herbeizuf\u00fchren, die infolge der im vorstehenden Absatz (1) angef\u00fchrten \u00c4nderungen notwendig werden.<\/td>\n<td width=\"307\">(2) Les Etats contractants se concerteront pour apporter aux dispositions de la pr\u00e9sente convention les am\u00e9nagements qui seraient rendus n\u00e9cessaires par les modifications vis\u00e9es au paragraphe (1) ci-dessus.<\/td>\n<\/tr>\n<tr>\n<td width=\"307\"><strong>Artikel 31<\/strong><\/td>\n<td width=\"307\"><strong>Article 31<\/strong><\/td>\n<\/tr>\n<tr>\n<td width=\"307\">Das deutsch-franz\u00f6sische Abkommen vom 9. November 1934 zur Vermeidung der Doppelbesteuerungen und \u00fcber gegenseitige Amtshilfe auf dem Gebiete der direkten Steuern wird aufgehoben. Die von dem einen oder anderen Vertragstaat auf Grund der Nummer 15 des Schlu\u00dfprotokolls des genannten Abkommens gestundeten Steuern gelten als erlassen. Die Vorschriften des genannten Abkommens, nach denen diese Stundungen gew\u00e4hrt werden, sind letztmals anzuwenden auf<\/td>\n<td width=\"307\">La Convention germano-fran\u00e7aise du 9 novembre 1934, tendant \u00e0 \u00e9viter les doubles impositions et \u00e0 \u00e9tablir des r\u00e8gles d&rsquo;assistance administrative r\u00e9ciproque en mati\u00e8re d&rsquo;imp\u00f4ts directs, est abrog\u00e9e. Les sursis aux recouvrements et poursuites accord\u00e9s par l&rsquo;un ou l&rsquo;autre des \u00c9tats contractants dans les conditions pr\u00e9vues au paragraphe 15 du Protocole final de cette convention valent exemption d\u00e9finitive. Les dispositions de ladite convention, en vertu desquelles ces sursis sont accord\u00e9s, s&rsquo;appliqueront pour la derni\u00e8re fois:<\/td>\n<\/tr>\n<tr>\n<td width=\"307\">\n<ol>\n<li>die Steuern, die von den in Artikel 9 des genannten Abkommens bezeichneten Eink\u00fcnften aus beweglichem Kapitalverm\u00f6gen erhoben werden, die vor dem 1. Januar 1958 gezahlt worden sind;<\/li>\n<\/ol>\n<\/td>\n<td width=\"307\">\n<ol>\n<li>aux imp\u00f4ts per\u00e7us sur les revenus des valeurs mobili\u00e8res, vis\u00e9s \u00e0 l&rsquo;article 9 de ladite convention, dont la mise en paiement est intervenue ant\u00e9rieurement au 1<sup>er<\/sup> janvier 1958;<\/li>\n<\/ol>\n<\/td>\n<\/tr>\n<tr>\n<td width=\"307\">\n<ol>\n<li>die anderen franz\u00f6sischen Steuern, die f\u00fcr das Kalenderjahr 1956 festgesetzt werden;<\/li>\n<\/ol>\n<\/td>\n<td width=\"307\">\n<ol>\n<li>aux autres imp\u00f4ts fran\u00e7ais \u00e9tablis au titre de l&rsquo;ann\u00e9e civile 1956;<\/li>\n<\/ol>\n<\/td>\n<\/tr>\n<tr>\n<td width=\"307\">\n<ol>\n<li>die anderen deutschen Steuern, die f\u00fcr das Kalenderjahr 1956 erhoben werden.<\/li>\n<\/ol>\n<\/td>\n<td width=\"307\">\n<ol>\n<li>aux autres imp\u00f4ts allemands per\u00e7us pour l&rsquo;ann\u00e9e civile 1956.<\/li>\n<\/ol>\n<\/td>\n<\/tr>\n<tr>\n<td width=\"307\"><strong>ZU URKUND DESSEN haben die Bevollm\u00e4chtigten der beiden Staaten dieses Abkommen unterschrieben und mit ihren Siegeln versehen<br \/>\nGESCHEHEN zu Paris am 21. Juli 1959 in zwei Urschriften, jede in deutscher und franz\u00f6sischer Sprache, wobei jeder Wortlaut gleicherma\u00dfen verbindlich ist.<\/strong><\/p>\n<table width=\"89%\">\n<tbody>\n<tr>\n<td width=\"54%\">F\u00fcr die Bundesrepublik Deutschand:<br \/>\nDr. Jansen<\/td>\n<td width=\"46%\">F\u00fcr die franz\u00f6sische Republik\u00a0:<br \/>\nLouis Joxe<\/td>\n<\/tr>\n<\/tbody>\n<\/table>\n<\/td>\n<td width=\"307\"><strong>EN FOI DE QUOI les pl\u00e9nipotentiaires des deux \u00c9tats ont sign\u00e9 la pr\u00e9sente convention et y ont appos\u00e9 leurs sceaux.<br \/>\nFAIT \u00e0 Paris, le 21 juillet 1959, en deux originaux, chacun en langue allemande et en langue fran\u00e7aise, les deux textes faisant \u00e9galement foi.<\/strong><\/p>\n<table width=\"89%\">\n<tbody>\n<tr>\n<td width=\"53%\">Pour la R\u00e9publique F\u00e9d\u00e9rale d&rsquo;Allemagne:<br \/>\nDr. Jansen<\/td>\n<td width=\"46%\">Pour la R\u00e9publique Fran\u00e7aise:<br \/>\nLouis Joxe<\/td>\n<\/tr>\n<\/tbody>\n<\/table>\n<\/td>\n<\/tr>\n<\/tbody>\n<\/table>\n<p>&nbsp;<\/p>\n<p>&nbsp;<\/p>\n","protected":false},"excerpt":{"rendered":"<p>Deutsch-Franz\u00f6sisches Doppelbesteuerungsabkommen vom 21. Juli 1959 ge\u00e4ndert durch das Revisionsprotokoll vom 9. Juni 1969 (BGBl. II S. 719) und die Zusatzabkommen vom 28. September 1989 (BGBl. II S. 772), 20. Dezember 2001 (BGBl. II S. 2372) und 31. M\u00e4rz 2015 Convention fiscale franco-allemande du 25 juillet 1959 Modifi\u00e9e par les avenants des 9 juin 1969, 28 septembre 1989, 20 d\u00e9cembre 2001 et 31 mars 2015 \u00a9 source\u00a0: site officiel du Bundesministerium der Finanzen Travaux d\u2019\u00e9dition: Lyn Paula Fischer Abkommen zwischen der Bundesrepublik Deutschland und der Franz\u00f6sischen Republik zur Vermeidung der Doppelbesteuerungen und \u00fcber gegenseitige Amts- und Rechtshilfe auf dem Gebiete der Steuern vom Einkommen und vom Verm\u00f6gen sowie der Gewerbesteuern und der Grundsteuern &nbsp; &nbsp; &nbsp; Convention entre la R\u00e9publique F\u00e9d\u00e9rale d&rsquo;Allemagne et la R\u00e9publique Fran\u00e7aise en vue d&rsquo;\u00e9viter les doubles impositions et d&rsquo;\u00e9tablir des r\u00e8gles d&rsquo;assistance administrative et juridique r\u00e9ciproque en mati\u00e8re d&rsquo;imp\u00f4ts sur le revenu et sur la [&hellip;]<\/p>\n","protected":false},"author":135,"featured_media":10252,"comment_status":"open","ping_status":"open","sticky":false,"template":"","format":"standard","meta":{"_et_pb_use_builder":"","_et_pb_old_content":"","footnotes":""},"categories":[9016,8519],"tags":[10286,10288,10292,10290],"class_list":["post-10250","post","type-post","status-publish","format-standard","has-post-thumbnail","hentry","category-bijus_normde","category-textes_allemands","tag-convention-fiscale-franco-allemande","tag-droit-fiscal","tag-impot-sur-le-revenu","tag-travailleurs-transfrontaliers","bijusbiblio_deutsch-deutsch-franzosisches-doppelsteuerungsabkommen","bijusbiblio_deutsch-einkommensteuer","bijusbiblio_deutsch-gewerbesteuer","bijusbiblio_deutsch-grenzganger","bijusbiblio_deutsch-steuerrecht","bijusbiblio_francais-convention-fiscale-franco-allemande","bijusbiblio_francais-droit-fiscal-2","bijusbiblio_francais-impot-sur-le-revenu","bijusbiblio_francais-travailleurs-frontaliers"],"_links":{"self":[{"href":"https:\/\/www.bijus.eu\/index.php?rest_route=\/wp\/v2\/posts\/10250","targetHints":{"allow":["GET"]}}],"collection":[{"href":"https:\/\/www.bijus.eu\/index.php?rest_route=\/wp\/v2\/posts"}],"about":[{"href":"https:\/\/www.bijus.eu\/index.php?rest_route=\/wp\/v2\/types\/post"}],"author":[{"embeddable":true,"href":"https:\/\/www.bijus.eu\/index.php?rest_route=\/wp\/v2\/users\/135"}],"replies":[{"embeddable":true,"href":"https:\/\/www.bijus.eu\/index.php?rest_route=%2Fwp%2Fv2%2Fcomments&post=10250"}],"version-history":[{"count":0,"href":"https:\/\/www.bijus.eu\/index.php?rest_route=\/wp\/v2\/posts\/10250\/revisions"}],"wp:featuredmedia":[{"embeddable":true,"href":"https:\/\/www.bijus.eu\/index.php?rest_route=\/wp\/v2\/media\/10252"}],"wp:attachment":[{"href":"https:\/\/www.bijus.eu\/index.php?rest_route=%2Fwp%2Fv2%2Fmedia&parent=10250"}],"wp:term":[{"taxonomy":"category","embeddable":true,"href":"https:\/\/www.bijus.eu\/index.php?rest_route=%2Fwp%2Fv2%2Fcategories&post=10250"},{"taxonomy":"post_tag","embeddable":true,"href":"https:\/\/www.bijus.eu\/index.php?rest_route=%2Fwp%2Fv2%2Ftags&post=10250"}],"curies":[{"name":"wp","href":"https:\/\/api.w.org\/{rel}","templated":true}]}}