{"id":10127,"date":"2015-05-24T13:05:35","date_gmt":"2015-05-24T13:05:35","guid":{"rendered":"http:\/\/www.bijus.eu\/?p=10127"},"modified":"2015-05-24T13:05:35","modified_gmt":"2015-05-24T13:05:35","slug":"cj-n17-la-loi-badinter-apres-cinq-ans-dapplication","status":"publish","type":"post","link":"https:\/\/www.bijus.eu\/?p=10127","title":{"rendered":"CJ n\u00b017: La loi Badinter apr\u00e8s cinq ans d&rsquo;application"},"content":{"rendered":"<p>Le pr\u00e9sent cahier juridique \u00ab\u00a0La loi Badinter apr\u00e8s cinq ans d&rsquo;application\u00a0\u00bb, est \u00e9crit par Andr\u00e9 Tunc.<\/p>\n<p>Ce cahier est ici propos\u00e9 au format PDF texte.<\/p>\n<p style=\"text-align: justify\"><span style=\"text-decoration: underline\"><strong>Avant-propos<\/strong><\/span>:<br \/>\nChers coll\u00e8gues, chers amis,<br \/>\nJe voudrais avant tout remercier mon coll\u00e8gue Claude Witz et le Centre d&rsquo;Etudes Juridiques Fran\u00e7aises de l&rsquo;Universit\u00e9 de la Sarre de l&rsquo;honneur qu&rsquo;ils me font en m&rsquo;invitant \u00e0 m&rsquo;adresser \u00e0 vous pour vous pr\u00e9senter la loi du 5 juillet 1985, tendant \u00e0 l&rsquo;am\u00e9lioration de la situation des victimes d&rsquo;accidents de la circulation et \u00e0 l&rsquo;acc\u00e9l\u00e9ration des proc\u00e9dures d&rsquo;indemnisation.<br \/>\nJe dois aussi m&rsquo;excuser \u00e0 l&rsquo;avance d&rsquo;une conf\u00e9rence qui risque de vous surprendre et de vous d\u00e9cevoir. D&rsquo;un professeur de droit, on est en droit d&rsquo;attendre un expos\u00e9 majestueux et serein. Or, je ne vous apporte rien de tel. Je vais vous faire le r\u00e9cit d&rsquo;un combat. La loi du 5 juillet est en effet une loi exceptionnelle. Depuis des d\u00e9cennies, aucune loi n&rsquo;avait soulev\u00e9 les m\u00eames passions. On ne peut comprendre ni la loi Badinter, ni les probl\u00e8mes d&rsquo;interpr\u00e9tation qu&rsquo;elle a soulev\u00e9s et la mani\u00e8re dont ils ont \u00e9t\u00e9 r\u00e9solus si on ne se replace pas dans le climat passionnel qui a entour\u00e9 son \u00e9laboration.<br \/>\nC&rsquo;est donc sans le moindre effet artistique que je vais vous pr\u00e9senter, d&rsquo;abord, la loi Badinter elle-m\u00eame, puis les probl\u00e8mes d&rsquo;interpr\u00e9tation qu&rsquo;elle a soulev\u00e9s.<\/p>\n","protected":false},"excerpt":{"rendered":"<p>Le pr\u00e9sent cahier juridique \u00ab\u00a0La loi Badinter apr\u00e8s cinq ans d&rsquo;application\u00a0\u00bb, est \u00e9crit par Andr\u00e9 Tunc. Ce cahier est ici propos\u00e9 au format PDF texte. Avant-propos: Chers coll\u00e8gues, chers amis, Je voudrais avant tout remercier mon coll\u00e8gue Claude Witz et le Centre d&rsquo;Etudes Juridiques Fran\u00e7aises de l&rsquo;Universit\u00e9 de la Sarre de l&rsquo;honneur qu&rsquo;ils me font en m&rsquo;invitant \u00e0 m&rsquo;adresser \u00e0 vous pour vous pr\u00e9senter la loi du 5 juillet 1985, tendant \u00e0 l&rsquo;am\u00e9lioration de la situation des victimes d&rsquo;accidents de la circulation et \u00e0 l&rsquo;acc\u00e9l\u00e9ration des proc\u00e9dures d&rsquo;indemnisation. Je dois aussi m&rsquo;excuser \u00e0 l&rsquo;avance d&rsquo;une conf\u00e9rence qui risque de vous surprendre et de vous d\u00e9cevoir. D&rsquo;un professeur de droit, on est en droit d&rsquo;attendre un expos\u00e9 majestueux et serein. Or, je ne vous apporte rien de tel. Je vais vous faire le r\u00e9cit d&rsquo;un combat. La loi du 5 juillet est en effet une loi exceptionnelle. Depuis des d\u00e9cennies, aucune [&hellip;]<\/p>\n","protected":false},"author":194,"featured_media":0,"comment_status":"open","ping_status":"open","sticky":false,"template":"","format":"standard","meta":{"_et_pb_use_builder":"","_et_pb_old_content":"","footnotes":""},"categories":[8531],"tags":[],"class_list":["post-10127","post","type-post","status-publish","format-standard","hentry","category-divers","type-de-publication-cahiers_juridiques"],"_links":{"self":[{"href":"https:\/\/www.bijus.eu\/index.php?rest_route=\/wp\/v2\/posts\/10127","targetHints":{"allow":["GET"]}}],"collection":[{"href":"https:\/\/www.bijus.eu\/index.php?rest_route=\/wp\/v2\/posts"}],"about":[{"href":"https:\/\/www.bijus.eu\/index.php?rest_route=\/wp\/v2\/types\/post"}],"author":[{"embeddable":true,"href":"https:\/\/www.bijus.eu\/index.php?rest_route=\/wp\/v2\/users\/194"}],"replies":[{"embeddable":true,"href":"https:\/\/www.bijus.eu\/index.php?rest_route=%2Fwp%2Fv2%2Fcomments&post=10127"}],"version-history":[{"count":0,"href":"https:\/\/www.bijus.eu\/index.php?rest_route=\/wp\/v2\/posts\/10127\/revisions"}],"wp:attachment":[{"href":"https:\/\/www.bijus.eu\/index.php?rest_route=%2Fwp%2Fv2%2Fmedia&parent=10127"}],"wp:term":[{"taxonomy":"category","embeddable":true,"href":"https:\/\/www.bijus.eu\/index.php?rest_route=%2Fwp%2Fv2%2Fcategories&post=10127"},{"taxonomy":"post_tag","embeddable":true,"href":"https:\/\/www.bijus.eu\/index.php?rest_route=%2Fwp%2Fv2%2Ftags&post=10127"}],"curies":[{"name":"wp","href":"https:\/\/api.w.org\/{rel}","templated":true}]}}