{"id":10124,"date":"2015-05-24T13:04:20","date_gmt":"2015-05-24T13:04:20","guid":{"rendered":"http:\/\/www.bijus.eu\/?p=10124"},"modified":"2015-05-24T13:04:20","modified_gmt":"2015-05-24T13:04:20","slug":"cj-n16-terrorisme-et-libertes-publiques","status":"publish","type":"post","link":"https:\/\/www.bijus.eu\/?p=10124","title":{"rendered":"CJ n\u00b016: Terrorisme et libert\u00e9s publiques"},"content":{"rendered":"<p style=\"text-align: justify\">Le pr\u00e9sent cahier juridique \u00ab\u00a0Terrorisme et libert\u00e9s publiques\u00a0\u00bb, est \u00e9crit par Jacques Robert.<\/p>\n<p style=\"text-align: justify\">Ce cahier est ici propos\u00e9 au format PDF texte.<\/p>\n<p><span style=\"text-decoration: underline\"><strong>Introduction:<\/strong><\/span><\/p>\n<p style=\"text-align: justify\">Nous sommes ici aujourd&rsquo;hui pour \u00e9voquer un probl\u00e8me difficile, actuel, dangereux et qui nous interpelle tous: \u00e0 savoir les rapports s&rsquo;il y en a entre le terrorisme et les libert\u00e9s publiques. Je voudrais commencer par quelques consid\u00e9rations d&rsquo;ordre g\u00e9n\u00e9ral: si l&rsquo;on parle aujourd&rsquo;hui, de plus en plus, un peu partout dans le monde et notamment dans nos pays, des libert\u00e9s publiques, ce n&rsquo;est malheureusement pas parce qu&rsquo;elles se portent bien. Au contraire, il semble, qu&rsquo;en en parlant beaucoup, l&rsquo;on veuille plut\u00f4t sensibiliser l&rsquo;opinion aux dangers qui les menacent, m\u00f4me dans les pays comme les n\u00f4tres qui sont tout de m\u00eame \u00e0 l&rsquo;abri de la tentation totalitaire. Quand on regarde en effet le dernier rapport d&rsquo;Amnesty International, on s&rsquo;aper\u00e7oit que le bilan qui est fait par cette organisation est un bilan d\u00e9sastreux, puisque ce rapport portant sur l&rsquo;ann\u00e9e 1987 vient nous dire que l&rsquo;usage des brutalit\u00e9s et de la torture est une pratique courante dans plus de 60 % des Etats-membres de l&rsquo;Organisation des Nations Unies: ce qui veut dire que m\u00eame des d\u00e9mocraties comme les n\u00f4tres ne sont pas \u00e0 l&rsquo;abri de ce genre d&rsquo;abus, qui sont autant atteintes inadmissibles \u00e0 nos libert\u00e9s.<br \/>\nQuelles sont alors les raisons qui expliquent le d\u00e9clin actuel des libert\u00e9s publiques 7 Nous verrons que la quatri\u00e8me int\u00e9resse directement le sujet que je traite aujourd&rsquo;hui, ce qui me permettra dans une introduction tout \u00e0 fait orthodoxe de retomber sur le sujet qui m&rsquo;est propos\u00e9&#8230; Je crois qu&rsquo;il y a quatre raisons qui expliquent le d\u00e9clin des libert\u00e9s dans les pays comme les n\u00f4tres.<\/p>\n","protected":false},"excerpt":{"rendered":"<p>Le pr\u00e9sent cahier juridique \u00ab\u00a0Terrorisme et libert\u00e9s publiques\u00a0\u00bb, est \u00e9crit par Jacques Robert. Ce cahier est ici propos\u00e9 au format PDF texte. Introduction: Nous sommes ici aujourd&rsquo;hui pour \u00e9voquer un probl\u00e8me difficile, actuel, dangereux et qui nous interpelle tous: \u00e0 savoir les rapports s&rsquo;il y en a entre le terrorisme et les libert\u00e9s publiques. Je voudrais commencer par quelques consid\u00e9rations d&rsquo;ordre g\u00e9n\u00e9ral: si l&rsquo;on parle aujourd&rsquo;hui, de plus en plus, un peu partout dans le monde et notamment dans nos pays, des libert\u00e9s publiques, ce n&rsquo;est malheureusement pas parce qu&rsquo;elles se portent bien. Au contraire, il semble, qu&rsquo;en en parlant beaucoup, l&rsquo;on veuille plut\u00f4t sensibiliser l&rsquo;opinion aux dangers qui les menacent, m\u00f4me dans les pays comme les n\u00f4tres qui sont tout de m\u00eame \u00e0 l&rsquo;abri de la tentation totalitaire. Quand on regarde en effet le dernier rapport d&rsquo;Amnesty International, on s&rsquo;aper\u00e7oit que le bilan qui est fait par cette organisation [&hellip;]<\/p>\n","protected":false},"author":194,"featured_media":0,"comment_status":"open","ping_status":"open","sticky":false,"template":"","format":"standard","meta":{"_et_pb_use_builder":"","_et_pb_old_content":"","footnotes":""},"categories":[8531],"tags":[],"class_list":["post-10124","post","type-post","status-publish","format-standard","hentry","category-divers","type-de-publication-cahiers_juridiques"],"_links":{"self":[{"href":"https:\/\/www.bijus.eu\/index.php?rest_route=\/wp\/v2\/posts\/10124","targetHints":{"allow":["GET"]}}],"collection":[{"href":"https:\/\/www.bijus.eu\/index.php?rest_route=\/wp\/v2\/posts"}],"about":[{"href":"https:\/\/www.bijus.eu\/index.php?rest_route=\/wp\/v2\/types\/post"}],"author":[{"embeddable":true,"href":"https:\/\/www.bijus.eu\/index.php?rest_route=\/wp\/v2\/users\/194"}],"replies":[{"embeddable":true,"href":"https:\/\/www.bijus.eu\/index.php?rest_route=%2Fwp%2Fv2%2Fcomments&post=10124"}],"version-history":[{"count":0,"href":"https:\/\/www.bijus.eu\/index.php?rest_route=\/wp\/v2\/posts\/10124\/revisions"}],"wp:attachment":[{"href":"https:\/\/www.bijus.eu\/index.php?rest_route=%2Fwp%2Fv2%2Fmedia&parent=10124"}],"wp:term":[{"taxonomy":"category","embeddable":true,"href":"https:\/\/www.bijus.eu\/index.php?rest_route=%2Fwp%2Fv2%2Fcategories&post=10124"},{"taxonomy":"post_tag","embeddable":true,"href":"https:\/\/www.bijus.eu\/index.php?rest_route=%2Fwp%2Fv2%2Ftags&post=10124"}],"curies":[{"name":"wp","href":"https:\/\/api.w.org\/{rel}","templated":true}]}}