{"id":10095,"date":"2015-05-24T12:43:33","date_gmt":"2015-05-24T12:43:33","guid":{"rendered":"http:\/\/www.bijus.eu\/?p=10095"},"modified":"2015-05-24T12:45:15","modified_gmt":"2015-05-24T12:45:15","slug":"cj-n7-lopinion-publique-francaise-et-lallemagne-dans-la-perspective-europeenne","status":"publish","type":"post","link":"https:\/\/www.bijus.eu\/?p=10095","title":{"rendered":"CJ n\u00b07: L&rsquo;opinion publique fran\u00e7aise et l&rsquo;Allemagne dans la perspective europ\u00e9enne"},"content":{"rendered":"<p style=\"text-align: justify\">Le pr\u00e9sent num\u00e9ro des cahiers juridique traite de \u00ab\u00a0l&rsquo;opinion publique\u00a0fran\u00e7aise et l&rsquo;Allemagne dans la perspective europ\u00e9enne\u00a0\u00bb \u00e9crit par\u00a0Bernard Brigouleix.<\/p>\n<p style=\"text-align: justify\">Cette oeuvre est ici propos\u00e9e au format PDF texte.<\/p>\n<p>&nbsp;<\/p>\n<p><strong><span style=\"text-decoration: underline\">Sommaire<\/span><\/strong><\/p>\n<p>A. Introduction<\/p>\n<p>I. Une situation paradoxale<\/p>\n<p>II. Aujourd\u2019hui, le pilier de la construction europ\u00e9enne<\/p>\n<p>III. La s\u00e9curit\u00e9 europ\u00e9enne, facteur de rapprochement ou de malentendu\u00a0?<\/p>\n<p>B. Conclusion<\/p>\n<p>&nbsp;<\/p>\n<p><strong><span style=\"text-decoration: underline\">Introduction\u00a0:<\/span><\/strong><\/p>\n<p style=\"text-align: justify\">L&rsquo;image de l&rsquo;Allemagne en France a toujours \u00e9t\u00e9 assez paradoxale. Elle combine un certain nombre de clich\u00e9s (d&rsquo;ailleurs pas tous d\u00e9favo\u00adrables, mais parfois incroyablement \u00e9loign\u00e9s de la r\u00e9alit\u00e9), les en\u00adseignements d&rsquo;une histoire marqu\u00e9e par trois guerres meurtri\u00e8res en soixante-dix ans, et une ind\u00e9niable fascination pour ce grand voisin de l&rsquo;Est. Ces relations passionnelles de l&rsquo;opinion fran\u00e7aise \u00e0 l&rsquo;\u00e9gard des Allemands, qui ont aliment\u00e9 tant de malentendus depuis un si\u00e8cle, et m\u00eame encore \u00e0 l&rsquo;\u00e9poque la plus contemporaine, ont pourtant servi, dans leurs exc\u00e8s m\u00eame ou du moins dans les cons\u00e9quences de ces exc\u00e8s, la construction europ\u00e9enne.<\/p>\n","protected":false},"excerpt":{"rendered":"<p>Le pr\u00e9sent num\u00e9ro des cahiers juridique traite de \u00ab\u00a0l&rsquo;opinion publique\u00a0fran\u00e7aise et l&rsquo;Allemagne dans la perspective europ\u00e9enne\u00a0\u00bb \u00e9crit par\u00a0Bernard Brigouleix. Cette oeuvre est ici propos\u00e9e au format PDF texte. &nbsp; Sommaire A. Introduction I. Une situation paradoxale II. Aujourd\u2019hui, le pilier de la construction europ\u00e9enne III. La s\u00e9curit\u00e9 europ\u00e9enne, facteur de rapprochement ou de malentendu\u00a0? B. Conclusion &nbsp; Introduction\u00a0: L&rsquo;image de l&rsquo;Allemagne en France a toujours \u00e9t\u00e9 assez paradoxale. Elle combine un certain nombre de clich\u00e9s (d&rsquo;ailleurs pas tous d\u00e9favo\u00adrables, mais parfois incroyablement \u00e9loign\u00e9s de la r\u00e9alit\u00e9), les en\u00adseignements d&rsquo;une histoire marqu\u00e9e par trois guerres meurtri\u00e8res en soixante-dix ans, et une ind\u00e9niable fascination pour ce grand voisin de l&rsquo;Est. Ces relations passionnelles de l&rsquo;opinion fran\u00e7aise \u00e0 l&rsquo;\u00e9gard des Allemands, qui ont aliment\u00e9 tant de malentendus depuis un si\u00e8cle, et m\u00eame encore \u00e0 l&rsquo;\u00e9poque la plus contemporaine, ont pourtant servi, dans leurs exc\u00e8s m\u00eame ou du moins dans les cons\u00e9quences de ces [&hellip;]<\/p>\n","protected":false},"author":194,"featured_media":0,"comment_status":"open","ping_status":"open","sticky":false,"template":"","format":"standard","meta":{"_et_pb_use_builder":"","_et_pb_old_content":"","footnotes":""},"categories":[8531],"tags":[],"class_list":["post-10095","post","type-post","status-publish","format-standard","hentry","category-divers","type-de-publication-cahiers_juridiques"],"_links":{"self":[{"href":"https:\/\/www.bijus.eu\/index.php?rest_route=\/wp\/v2\/posts\/10095","targetHints":{"allow":["GET"]}}],"collection":[{"href":"https:\/\/www.bijus.eu\/index.php?rest_route=\/wp\/v2\/posts"}],"about":[{"href":"https:\/\/www.bijus.eu\/index.php?rest_route=\/wp\/v2\/types\/post"}],"author":[{"embeddable":true,"href":"https:\/\/www.bijus.eu\/index.php?rest_route=\/wp\/v2\/users\/194"}],"replies":[{"embeddable":true,"href":"https:\/\/www.bijus.eu\/index.php?rest_route=%2Fwp%2Fv2%2Fcomments&post=10095"}],"version-history":[{"count":0,"href":"https:\/\/www.bijus.eu\/index.php?rest_route=\/wp\/v2\/posts\/10095\/revisions"}],"wp:attachment":[{"href":"https:\/\/www.bijus.eu\/index.php?rest_route=%2Fwp%2Fv2%2Fmedia&parent=10095"}],"wp:term":[{"taxonomy":"category","embeddable":true,"href":"https:\/\/www.bijus.eu\/index.php?rest_route=%2Fwp%2Fv2%2Fcategories&post=10095"},{"taxonomy":"post_tag","embeddable":true,"href":"https:\/\/www.bijus.eu\/index.php?rest_route=%2Fwp%2Fv2%2Ftags&post=10095"}],"curies":[{"name":"wp","href":"https:\/\/api.w.org\/{rel}","templated":true}]}}