{"id":10086,"date":"2015-05-24T12:35:21","date_gmt":"2015-05-24T12:35:21","guid":{"rendered":"http:\/\/www.bijus.eu\/?p=10086"},"modified":"2015-05-24T12:35:21","modified_gmt":"2015-05-24T12:35:21","slug":"cj-n3-le-medecin-devant-la-loi-penale","status":"publish","type":"post","link":"https:\/\/www.bijus.eu\/?p=10086","title":{"rendered":"CJ n\u00b03: Le m\u00e9decin devant la loi p\u00e9nale"},"content":{"rendered":"<p style=\"text-align: justify\">Le pr\u00e9sent num\u00e9ro des Cahiers juridiques \u00ab\u00a0Le m\u00e9decin devant la loi p\u00e9nale\u00a0\u00bb est \u00e9crit par Jean Pradel.<\/p>\n<p style=\"text-align: justify\">Cette oeuvre est ici propos\u00e9e au format PDF texte.<\/p>\n<p style=\"text-align: justify\"><strong><span style=\"text-decoration: underline\">Introduction<\/span><\/strong><\/p>\n<p style=\"text-align: justify\">Le th\u00e8me du m\u00e9decin face au droit p\u00e9nal n&rsquo;est pas neuf, loin de l\u00e0. Mais il se renouvelle sans cesse. D&rsquo;abord \u00e0 cause de l&rsquo;\u00e9volution des id\u00e9es : le recul du fatalisme devant la maladie, sentiment qui cr\u00e9ait une sorte de \u00ab\u00a0non-droit\u00a0\u00bb, la lib\u00e9ralisation des m\u0153urs, le souci grandissant de se faire indemniser en cas de faute m\u00e9dicale&#8230; Ensuite en raison des progr\u00e8s de la technique qui permet aujourd&rsquo;hui de pratiquer des interven\u00adtions que l&rsquo;on n&rsquo;eut m\u00eame pas envisag\u00e9 voici quelques d\u00e9cennies.<\/p>\n<p style=\"text-align: justify\">Au vrai, certaines situations ne posent pas de difficult\u00e9s majeures. On admettra que le m\u00e9decin pratiquant une intervention transsexuelle tombe sous le coup de l&rsquo;incrimination de violences. Et le m\u00e9decin qui proc\u00e8de \u00e0 un avortement en dehors des conditions mises \u00e0 l&rsquo;interruption de grossesse dans les dix premi\u00e8res semaines est passible d&rsquo;une peine de police, non des peines pr\u00e9vues par l&rsquo;article 317 C.P. pour avortement.<\/p>\n<p style=\"text-align: justify\">Plus d\u00e9licate d\u00e9j\u00e0 est l&rsquo;hypoth\u00e8se de la chirurgie esth\u00e9tique. Mais la jurisprudence autorise l&rsquo;intervention \u00e0 finalit\u00e9 esth\u00e9tique si elle n&rsquo;est pas dangereuse et si elle n&rsquo;est pas disproportionn\u00e9e avec le but re\u00adcherch\u00e9.<\/p>\n<p style=\"text-align: justify\">En revanche, dans la plupart des autres situations, l&rsquo;h\u00e9sitation est presque toujours permise. Les textes en effet sont g\u00e9n\u00e9raux. R\u00e9dig\u00e9s \u00e0 l&rsquo;intention de l&rsquo;homme \u00ab\u00a0ordinaire\u00a0\u00bb, qui est un profane, ils ne s&rsquo;appliquent pas sans grincements au m\u00e9decin qui est un technicien. Tout le droit p\u00e9nal du m\u00e9decin, et m\u00eame tout le droit m\u00e9dical, est au confluent de deux humanismes, celui de l&rsquo;homme quelconque et celui du m\u00e9decin. Sans doute vaut-il mieux que les textes ne soient pas trop pr\u00e9cis afin que puisse \u00eatre possible une adaptation cas par cas et au gr\u00e9 de l&rsquo;\u00e9volution. Mais c&rsquo;est justement cet effort d&rsquo;adaptation qui pose difficult\u00e9.<\/p>\n<p style=\"text-align: justify\">Or cette adaptation est rendue malais\u00e9e par le double visage du m\u00e9\u00addecin. D&rsquo;un c\u00f4t\u00e9, il est un soignant. A cet \u00e9gard, son image est \u00e0 la fois divine et diabolique car il soigne les corps et les \u00e2mes &#8211; Paracelse \u00e9tait m\u00e9decin et magicien &#8211; et parce que soignant, il doit tout gu\u00e9rir. S&rsquo;il \u00e9choue, il est diable. On le r\u00e9v\u00e8re et on le punit. On conteste donc vo\u00adlontiers le pouvoir m\u00e9dical. Plais d&rsquo;un autre c\u00f4t\u00e9, le m\u00e9decin est d\u00e9ten\u00adteur de secrets individuels ou de famille. Il est donc guett\u00e9 par la jus\u00adtice, toujours \u00e0 l&rsquo;aff\u00fbt de renseignements dont elle ne peut pas se passer. De cette double nature du m\u00e9decin, il r\u00e9sulte que c&rsquo;est tout le droit p\u00e9\u00adnal qui est int\u00e9ress\u00e9, de forme aussi bien que de fond. Il doit \u00eatre am\u00e9\u00adnag\u00e9 en fonction de ce personnage, v\u00e9ritable <span style=\"text-decoration: underline\">Janus bifrons<\/span>, \u00e0 la fois th\u00e9rapeute (I) et sachant (II).<\/p>\n","protected":false},"excerpt":{"rendered":"<p>Le pr\u00e9sent num\u00e9ro des Cahiers juridiques \u00ab\u00a0Le m\u00e9decin devant la loi p\u00e9nale\u00a0\u00bb est \u00e9crit par Jean Pradel. Cette oeuvre est ici propos\u00e9e au format PDF texte. Introduction Le th\u00e8me du m\u00e9decin face au droit p\u00e9nal n&rsquo;est pas neuf, loin de l\u00e0. Mais il se renouvelle sans cesse. D&rsquo;abord \u00e0 cause de l&rsquo;\u00e9volution des id\u00e9es : le recul du fatalisme devant la maladie, sentiment qui cr\u00e9ait une sorte de \u00ab\u00a0non-droit\u00a0\u00bb, la lib\u00e9ralisation des m\u0153urs, le souci grandissant de se faire indemniser en cas de faute m\u00e9dicale&#8230; Ensuite en raison des progr\u00e8s de la technique qui permet aujourd&rsquo;hui de pratiquer des interven\u00adtions que l&rsquo;on n&rsquo;eut m\u00eame pas envisag\u00e9 voici quelques d\u00e9cennies. Au vrai, certaines situations ne posent pas de difficult\u00e9s majeures. On admettra que le m\u00e9decin pratiquant une intervention transsexuelle tombe sous le coup de l&rsquo;incrimination de violences. Et le m\u00e9decin qui proc\u00e8de \u00e0 un avortement en dehors des conditions mises \u00e0 [&hellip;]<\/p>\n","protected":false},"author":194,"featured_media":0,"comment_status":"open","ping_status":"open","sticky":false,"template":"","format":"standard","meta":{"_et_pb_use_builder":"","_et_pb_old_content":"","footnotes":""},"categories":[8531],"tags":[],"class_list":["post-10086","post","type-post","status-publish","format-standard","hentry","category-divers","type-de-publication-cahiers_juridiques"],"_links":{"self":[{"href":"https:\/\/www.bijus.eu\/index.php?rest_route=\/wp\/v2\/posts\/10086","targetHints":{"allow":["GET"]}}],"collection":[{"href":"https:\/\/www.bijus.eu\/index.php?rest_route=\/wp\/v2\/posts"}],"about":[{"href":"https:\/\/www.bijus.eu\/index.php?rest_route=\/wp\/v2\/types\/post"}],"author":[{"embeddable":true,"href":"https:\/\/www.bijus.eu\/index.php?rest_route=\/wp\/v2\/users\/194"}],"replies":[{"embeddable":true,"href":"https:\/\/www.bijus.eu\/index.php?rest_route=%2Fwp%2Fv2%2Fcomments&post=10086"}],"version-history":[{"count":0,"href":"https:\/\/www.bijus.eu\/index.php?rest_route=\/wp\/v2\/posts\/10086\/revisions"}],"wp:attachment":[{"href":"https:\/\/www.bijus.eu\/index.php?rest_route=%2Fwp%2Fv2%2Fmedia&parent=10086"}],"wp:term":[{"taxonomy":"category","embeddable":true,"href":"https:\/\/www.bijus.eu\/index.php?rest_route=%2Fwp%2Fv2%2Fcategories&post=10086"},{"taxonomy":"post_tag","embeddable":true,"href":"https:\/\/www.bijus.eu\/index.php?rest_route=%2Fwp%2Fv2%2Ftags&post=10086"}],"curies":[{"name":"wp","href":"https:\/\/api.w.org\/{rel}","templated":true}]}}